{"id":333861,"date":"2025-08-21T12:20:12","date_gmt":"2025-08-21T12:20:12","guid":{"rendered":"https:\/\/www.europesays.com\/fr\/333861\/"},"modified":"2025-08-21T12:20:12","modified_gmt":"2025-08-21T12:20:12","slug":"rock-en-seine-le-crif-demande-la-deprogrammation-du-groupe-kneecap-accuse-de-soutien-au-hezbollah-actualites","status":"publish","type":"post","link":"https:\/\/www.europesays.com\/fr\/333861\/","title":{"rendered":"Rock en Seine: le Crif demande la d\u00e9programmation du groupe Kneecap accus\u00e9 de soutien au Hezbollah : Actualit\u00e9s"},"content":{"rendered":"<p class=\"lead \">Le Conseil repr\u00e9sentatif des institutions juives de France (Crif) a demand\u00e9 jeudi la d\u00e9programmation du festival Rock en Seine \u00e0 Saint-Cloud (Hauts-de-Seine), du concert pr\u00e9vu dimanche du trio nord-irlandais Kneecap, engag\u00e9 pour la cause palestinienne et accus\u00e9 de soutenir le Hezbollah. <\/p>\n<p class=\"lead \">\u00ab\u00a0En maintenant les Kneecap, les organisateurs transforment Rock en Seine en festival de la honte\u00a0\u00bb, a d\u00e9clar\u00e9 le pr\u00e9sident du Crif, Yonathan Arfi sur X. <\/p>\n<p class=\"lead \">\u00ab\u00a0Ils profanent la m\u00e9moire des 50 Francais victimes du Hamas le 7-Octobre comme de toutes les victimes fran\u00e7aises du Hezbollah, dont les 58 soldats fran\u00e7ais morts le 23 octobre 1983 lors de l&rsquo;attentat du Drakkar (\u00e0 Beyrouth, ndlr). Les artistes peuvent \u00eatre engag\u00e9s mais les apologistes du terrorisme n&rsquo;ont pas leur place dans des festivals en France\u00a0\u00bb, a d\u00e9nonc\u00e9 le responsable du Crif.<\/p>\n<p class=\"lead \">Encore confidentiels il y a quelques mois, les Kneecap b\u00e9n\u00e9ficient d&rsquo;une visibilit\u00e9 d\u00e9cupl\u00e9e depuis qu&rsquo;ils ont fait de chaque concert une tribune pour la cause palestinienne.<\/p>\n<p class=\"lead \">Au festival de Glastonbury fin juin, le groupe avait accus\u00e9 Isra\u00ebl d&rsquo;\u00eatre un Etat \u00ab\u00a0criminel de guerre\u00a0\u00bb.<\/p>\n<p class=\"lead \">L&rsquo;un de ses trois membres, Liam O&rsquo;Hanna dit Mo Chara, est poursuivi pour \u00ab\u00a0infraction terroriste\u00a0\u00bb apr\u00e8s avoir arbor\u00e9 un drapeau du Hezbollah pendant un concert \u00e0 Londres en 2024. Il a comparu mercredi dans la capitale britannique. <\/p>\n<p class=\"lead \">Dans ce contexte, la ville de Saint-Cloud a retir\u00e9 sa subvention de 40.000 euros \u00e0 Rock en Seine, une premi\u00e8re.<\/p>\n<p class=\"lead \">En France, le groupe a jou\u00e9 aux Eurock\u00e9ennes de Belfort et au Cabaret vert de Charleville-M\u00e9zi\u00e8res, sans incident.<\/p>\n<p class=\"lead \">Des \u00ab\u00a0discussions\u00a0\u00bb ont eu lieu avec l&rsquo;entourage des artistes pour clarifier leurs positions et l&rsquo;organisation de Rock en Seine a eu \u00ab\u00a0confirmation\u00a0\u00bb qu'\u00a0\u00bbil n&rsquo;y aurait pas de d\u00e9bordements\u00a0\u00bb, selon le directeur du festival.<\/p>\n<p class=\"lead \">\u00ab\u00a0Tout propos \u00e0 caract\u00e8re antis\u00e9mite, d&rsquo;apologie du terrorisme ou appelant \u00e0 la haine\u00a0\u00bb fera \u00ab\u00a0l&rsquo;objet de poursuites judiciaires\u00a0\u00bb, a mis en garde le ministre de l&rsquo;Int\u00e9rieur Bruno Retailleau, dans une lettre dat\u00e9e du 14 ao\u00fbt, en r\u00e9ponse \u00e0 Caroline Yadan, d\u00e9put\u00e9e de la 8e circonscription des Fran\u00e7ais \u00e9tablis hors de France dont Isra\u00ebl fait partie qui l&rsquo;avait interpell\u00e9 sur le sujet. <\/p>\n<p class=\"small font-weight-bold text-gray3 \"> publi\u00e9 le 21 ao\u00fbt \u00e0 13h01, AFP<\/p>\n<p>                             Partager<\/p>\n","protected":false},"excerpt":{"rendered":"Le Conseil repr\u00e9sentatif des institutions juives de France (Crif) a demand\u00e9 jeudi la d\u00e9programmation du festival Rock en&hellip;\n","protected":false},"author":2,"featured_media":333862,"comment_status":"","ping_status":"","sticky":false,"template":"","format":"standard","meta":{"footnotes":""},"categories":[1355],"tags":[58,59,849,1011,27,6228,516,1361,873,7621,316],"class_list":{"0":"post-333861","1":"post","2":"type-post","3":"status-publish","4":"format-standard","5":"has-post-thumbnail","7":"category-musique","8":"tag-divertissement","9":"tag-entertainment","10":"tag-festival","11":"tag-fr","12":"tag-france","13":"tag-gb","14":"tag-irlande","15":"tag-music","16":"tag-musique","17":"tag-palestiniens","18":"tag-politique"},"share_on_mastodon":{"url":"https:\/\/pubeurope.com\/@fr\/115066727586432763","error":""},"_links":{"self":[{"href":"https:\/\/www.europesays.com\/fr\/wp-json\/wp\/v2\/posts\/333861","targetHints":{"allow":["GET"]}}],"collection":[{"href":"https:\/\/www.europesays.com\/fr\/wp-json\/wp\/v2\/posts"}],"about":[{"href":"https:\/\/www.europesays.com\/fr\/wp-json\/wp\/v2\/types\/post"}],"author":[{"embeddable":true,"href":"https:\/\/www.europesays.com\/fr\/wp-json\/wp\/v2\/users\/2"}],"replies":[{"embeddable":true,"href":"https:\/\/www.europesays.com\/fr\/wp-json\/wp\/v2\/comments?post=333861"}],"version-history":[{"count":0,"href":"https:\/\/www.europesays.com\/fr\/wp-json\/wp\/v2\/posts\/333861\/revisions"}],"wp:featuredmedia":[{"embeddable":true,"href":"https:\/\/www.europesays.com\/fr\/wp-json\/wp\/v2\/media\/333862"}],"wp:attachment":[{"href":"https:\/\/www.europesays.com\/fr\/wp-json\/wp\/v2\/media?parent=333861"}],"wp:term":[{"taxonomy":"category","embeddable":true,"href":"https:\/\/www.europesays.com\/fr\/wp-json\/wp\/v2\/categories?post=333861"},{"taxonomy":"post_tag","embeddable":true,"href":"https:\/\/www.europesays.com\/fr\/wp-json\/wp\/v2\/tags?post=333861"}],"curies":[{"name":"wp","href":"https:\/\/api.w.org\/{rel}","templated":true}]}}