{"id":333863,"date":"2025-08-21T12:21:13","date_gmt":"2025-08-21T12:21:13","guid":{"rendered":"https:\/\/www.europesays.com\/fr\/333863\/"},"modified":"2025-08-21T12:21:13","modified_gmt":"2025-08-21T12:21:13","slug":"passe-et-identites-en-reconstruction-avec-le-cineaste-christian-petzold","status":"publish","type":"post","link":"https:\/\/www.europesays.com\/fr\/333863\/","title":{"rendered":"Pass\u00e9 et identit\u00e9s en reconstruction avec le cin\u00e9aste Christian Petzold"},"content":{"rendered":"<p class=\"PopSlotParagraph qg-tx2 qg-xtra-lh svelte-1r0pyek\">Depuis la sortie de son premier long-m\u00e9trage,\u00a0Contr\u00f4le d&rsquo;identit\u00e9, en 2000,\u00a0la filmographie du cin\u00e9aste allemand Christian Petzold &#8211; et les distinctions d\u00e9cern\u00e9es autant \u00e0 ses acteur.ices qu&rsquo;\u00e0 ses films &#8211; n&rsquo;ont cess\u00e9 de fleurir. Elle sera c\u00e9l\u00e9br\u00e9e \u00e0 la Cin\u00e9math\u00e8que fran\u00e7aise \u00e0 l&rsquo;occasion d&rsquo;une r\u00e9trospective du 26 ao\u00fbt au 4 septembre, tandis que\u00a0Miroirs n\u00b03\u00a0sera en salles le 27 ao\u00fbt.<\/p>\n<p class=\"PopSlotParagraph qg-tx2 qg-xtra-lh svelte-1r0pyek\">Le film raconte l&rsquo;histoire de Laura, jeune pianiste berlinoise, qui, apr\u00e8s un accident de voiture en pleine campagne &#8211; dans lequel son compagnon trouve la mort &#8211; est recueillie par Betty, t\u00e9moin de l&rsquo;accident. Laura glisse alors avec une souplesse \u00e9tonnante dans cette nouvelle vie. Mais derri\u00e8re les apparences de conte de f\u00e9e, la maison dans les bois abrite une absence&#8230;<\/p>\n<p class=\"PopSlotParagraph qg-tx2 qg-xtra-lh svelte-1r0pyek\"><strong>Traduction<\/strong>\u00a0: Florence Roucout<\/p>\n<p class=\"PopSlotParagraph qg-tx2 qg-xtra-lh svelte-1r0pyek\"><strong>Actualit\u00e9s autour de Christian Petzold<\/strong><\/p>\n<ul>\n<li>Sortie en salles de Miroirs N\u00b03 de Christian Petzold le 27 ao\u00fbt 2025<\/li>\n<li>R\u00e9trospective Christian Petzold \u00e0 la Cin\u00e9math\u00e8que Fran\u00e7aise du 26 ao\u00fbt au 4 septembre 2025<\/li>\n<\/ul>\n<p>Extraits sonores<\/p>\n","protected":false},"excerpt":{"rendered":"Depuis la sortie de son premier long-m\u00e9trage,\u00a0Contr\u00f4le d&rsquo;identit\u00e9, en 2000,\u00a0la filmographie du cin\u00e9aste allemand Christian Petzold &#8211; et&hellip;\n","protected":false},"author":2,"featured_media":333864,"comment_status":"","ping_status":"","sticky":false,"template":"","format":"standard","meta":{"footnotes":""},"categories":[1354],"tags":[58,59,1346,1011,27,1360],"class_list":{"0":"post-333863","1":"post","2":"type-post","3":"status-publish","4":"format-standard","5":"has-post-thumbnail","7":"category-films","8":"tag-divertissement","9":"tag-entertainment","10":"tag-films","11":"tag-fr","12":"tag-france","13":"tag-movies"},"share_on_mastodon":{"url":"https:\/\/pubeurope.com\/@fr\/115066731669287154","error":""},"_links":{"self":[{"href":"https:\/\/www.europesays.com\/fr\/wp-json\/wp\/v2\/posts\/333863","targetHints":{"allow":["GET"]}}],"collection":[{"href":"https:\/\/www.europesays.com\/fr\/wp-json\/wp\/v2\/posts"}],"about":[{"href":"https:\/\/www.europesays.com\/fr\/wp-json\/wp\/v2\/types\/post"}],"author":[{"embeddable":true,"href":"https:\/\/www.europesays.com\/fr\/wp-json\/wp\/v2\/users\/2"}],"replies":[{"embeddable":true,"href":"https:\/\/www.europesays.com\/fr\/wp-json\/wp\/v2\/comments?post=333863"}],"version-history":[{"count":0,"href":"https:\/\/www.europesays.com\/fr\/wp-json\/wp\/v2\/posts\/333863\/revisions"}],"wp:featuredmedia":[{"embeddable":true,"href":"https:\/\/www.europesays.com\/fr\/wp-json\/wp\/v2\/media\/333864"}],"wp:attachment":[{"href":"https:\/\/www.europesays.com\/fr\/wp-json\/wp\/v2\/media?parent=333863"}],"wp:term":[{"taxonomy":"category","embeddable":true,"href":"https:\/\/www.europesays.com\/fr\/wp-json\/wp\/v2\/categories?post=333863"},{"taxonomy":"post_tag","embeddable":true,"href":"https:\/\/www.europesays.com\/fr\/wp-json\/wp\/v2\/tags?post=333863"}],"curies":[{"name":"wp","href":"https:\/\/api.w.org\/{rel}","templated":true}]}}