{"id":333873,"date":"2025-08-21T12:26:14","date_gmt":"2025-08-21T12:26:14","guid":{"rendered":"https:\/\/www.europesays.com\/fr\/333873\/"},"modified":"2025-08-21T12:26:14","modified_gmt":"2025-08-21T12:26:14","slug":"voitures-et-produits-pharmaceutiques-europeens-seront-bien-taxes-a-15-aux-etats-unis-pas-dexemption-pour-le-vin","status":"publish","type":"post","link":"https:\/\/www.europesays.com\/fr\/333873\/","title":{"rendered":"Voitures et produits pharmaceutiques europ\u00e9ens seront bien tax\u00e9s \u00e0 15% aux \u00c9tats-Unis, pas d\u2019exemption pour le vin"},"content":{"rendered":"<p>L\u2019Union europ\u00e9enne n\u2019a par ailleurs pu obtenir d\u2019exemption pour le secteur du vin, qui sera tax\u00e9 \u00e0 15% \u00e0 son entr\u00e9e aux \u00c9tats-Unis, a annonc\u00e9 le commissaire europ\u00e9en au Commerce.<\/p>\n<p class=\"fig-paragraph\">Des d\u00e9tails d\u00e9voil\u00e9s sur l\u2019accord commercial am\u00e9ricano-europ\u00e9en. Les voitures et les produits pharmaceutiques europ\u00e9ens seront bien\u00a0<a href=\"http:\/\/www.lefigaro.fr\/economie\/aeronautique-automobile-pharmacie-luxe-les-gagnants-et-les-perdants-de-l-accord-douanier-entre-l-europe-et-les-etats-unis-20250727\" target=\"_blank\" data-fig-type=\"Article\" rel=\"noopener nofollow\" data-gtm-custom-categorie=\"navigation\" data-gtm-custom-action=\"crossclick\" data-gtm-custom-label=\"Contextuel\" data-gtm-event=\"customEventSPE\" data-fig-domain=\"LEFIGARO\">tax\u00e9s \u00e0 15%<\/a>\u00a0\u00e0 leur entr\u00e9e aux \u00c9tats-Unis, selon un communiqu\u00e9 commun publi\u00e9 jeudi par l&rsquo;Union europ\u00e9enne et l&rsquo;administration Trump. \u00abIl s&rsquo;agit d&rsquo;un accord strat\u00e9gique important, que nous soutenons pleinement\u00bb, a affirm\u00e9 le commissaire europ\u00e9en au Commerce, Maros Sefcovic, lors d&rsquo;une conf\u00e9rence de presse, alertant sur les risques d&rsquo;une guerre commerciale.<\/p>\n<p class=\"fig-paragraph\">L\u2019Union europ\u00e9enne n\u2019a par ailleurs pu obtenir d\u2019exemption pour le secteur du vin, qui sera tax\u00e9 \u00e0 15% \u00e0 son entr\u00e9e aux \u00c9tats-Unis, a annonc\u00e9 Maros Sefcovic. \u00abMalheureusement, nous n\u2019avons pas r\u00e9ussi\u00bb, a d\u00e9clar\u00e9 le responsable europ\u00e9en lors de cette conf\u00e9rence de presse, en pr\u00e9sentant les d\u00e9tails de l\u2019accord commercial nou\u00e9 entre l\u2019UE et l\u2019administration Trump fin juillet. Cette exemption \u00e9tait vivement r\u00e9clam\u00e9e en particulier en France et en Italie.<\/p>\n<p>                                    <a class=\"fig-a11y-skip a11y-hidden\" href=\"#fig-a11y-skip-main-inarticle\"><br \/>\n        Passer la publicit\u00e9<br \/>\n    <\/a><\/p>\n<p class=\"fig-paragraph\">Plus d\u2019informations \u00e0 venir&#8230;<\/p>\n","protected":false},"excerpt":{"rendered":"L\u2019Union europ\u00e9enne n\u2019a par ailleurs pu obtenir d\u2019exemption pour le secteur du vin, qui sera tax\u00e9 \u00e0 15%&hellip;\n","protected":false},"author":2,"featured_media":333874,"comment_status":"","ping_status":"","sticky":false,"template":"","format":"standard","meta":{"footnotes":""},"categories":[6],"tags":[35,75,33,34,1011,27,1074],"class_list":{"0":"post-333873","1":"post","2":"type-post","3":"status-publish","4":"format-standard","5":"has-post-thumbnail","7":"category-economie","8":"tag-business","9":"tag-donald-trump","10":"tag-economie","11":"tag-economy","12":"tag-fr","13":"tag-france","14":"tag-guerre-commerciale"},"share_on_mastodon":{"url":"https:\/\/pubeurope.com\/@fr\/115066751135335203","error":""},"_links":{"self":[{"href":"https:\/\/www.europesays.com\/fr\/wp-json\/wp\/v2\/posts\/333873","targetHints":{"allow":["GET"]}}],"collection":[{"href":"https:\/\/www.europesays.com\/fr\/wp-json\/wp\/v2\/posts"}],"about":[{"href":"https:\/\/www.europesays.com\/fr\/wp-json\/wp\/v2\/types\/post"}],"author":[{"embeddable":true,"href":"https:\/\/www.europesays.com\/fr\/wp-json\/wp\/v2\/users\/2"}],"replies":[{"embeddable":true,"href":"https:\/\/www.europesays.com\/fr\/wp-json\/wp\/v2\/comments?post=333873"}],"version-history":[{"count":0,"href":"https:\/\/www.europesays.com\/fr\/wp-json\/wp\/v2\/posts\/333873\/revisions"}],"wp:featuredmedia":[{"embeddable":true,"href":"https:\/\/www.europesays.com\/fr\/wp-json\/wp\/v2\/media\/333874"}],"wp:attachment":[{"href":"https:\/\/www.europesays.com\/fr\/wp-json\/wp\/v2\/media?parent=333873"}],"wp:term":[{"taxonomy":"category","embeddable":true,"href":"https:\/\/www.europesays.com\/fr\/wp-json\/wp\/v2\/categories?post=333873"},{"taxonomy":"post_tag","embeddable":true,"href":"https:\/\/www.europesays.com\/fr\/wp-json\/wp\/v2\/tags?post=333873"}],"curies":[{"name":"wp","href":"https:\/\/api.w.org\/{rel}","templated":true}]}}