{"id":333875,"date":"2025-08-21T12:27:11","date_gmt":"2025-08-21T12:27:11","guid":{"rendered":"https:\/\/www.europesays.com\/fr\/333875\/"},"modified":"2025-08-21T12:27:11","modified_gmt":"2025-08-21T12:27:11","slug":"la-russie-juge-quun-deploiement-dun-contingent-europeen-en-ukraine-serait-inacceptable","status":"publish","type":"post","link":"https:\/\/www.europesays.com\/fr\/333875\/","title":{"rendered":"La Russie juge qu&rsquo;un d\u00e9ploiement d&rsquo;un contingent europ\u00e9en en Ukraine serait \u00ab\u00a0inacceptable\u00a0\u00bb"},"content":{"rendered":"<p>Le ministre russe des Affaires \u00e9trang\u00e8res a jug\u00e9 ce jeudi 21 ao\u00fbt \u00ab\u00a0inacceptable\u00a0\u00bb la possibilit\u00e9 de voir se d\u00e9ployer un contingent europ\u00e9en en Ukraine et accuse Kiev de ne pas \u00eatre int\u00e9ress\u00e9 par \u00ab\u00a0un r\u00e8glement juste et durable\u00a0\u00bb du conflit.<\/p>\n<p>Le chef de la diplomatie russe, Sergue\u00ef Lavrov, a indiqu\u00e9 jeudi 21 ao\u00fbt que tout d\u00e9ploiement d&rsquo;un contingent militaire europ\u00e9en en Ukraine serait \u00ab\u00a0inacceptable\u00a0\u00bb pour Moscou, alors que des d\u00e9bats sont en cours sur <a href=\"https:\/\/www.bfmtv.com\/international\/europe\/ukraine\/volodymyr-zelensky-pret-a-rencontrer-vladimir-poutine-en-suisse-en-autriche-ou-en-turquie-apres-un-accord-sur-les-garanties-de-securite_AD-202508210202.html\" title=\"Volodymyr Zelensky pr\u00eat \u00e0 rencontrer Vladimir Poutine en Suisse, en Autriche ou en Turquie apr\u00e8s un accord sur les garanties de s\u00e9curit\u00e9\" class=\"internal_link\" target=\"_blank\" rel=\"noopener\">les garanties de s\u00e9curit\u00e9<\/a> que les Occidentaux pourraient fournir \u00e0 ce pays.<\/p>\n<blockquote class=\"embed embed_quote\"><p>\u00ab\u00a0Une intervention \u00e9trang\u00e8re sur une partie du territoire ukrainien (&#8230;) serait totalement inacceptable pour la Russie\u00a0\u00bb, a d\u00e9clar\u00e9 Sergue\u00ef Lavrov \u00e0 l&rsquo;issue de pourparlers avec son homologue indien \u00e0 Moscou.<\/p><\/blockquote>\n<p>Le ministre russe des Affaires \u00e9trang\u00e8res a \u00e9galement accus\u00e9 l&rsquo;Ukraine de ne pas vouloir un \u00ab\u00a0r\u00e8glement juste et durable\u00a0\u00bb du conflit ouvert par Moscou en 2022, alors que les efforts diplomatiques s&rsquo;acc\u00e9l\u00e8rent, sous l&rsquo;impulsion du pr\u00e9sident am\u00e9ricain <a href=\"https:\/\/www.bfmtv.com\/international\/asie\/russie\/la-russie-accuse-les-europeens-d-influencer-donald-trump-sur-l-ukraine-de-facon-maladroite_AD-202508200404.html\" title=\"La Russie accuse les Europ\u00e9ens d&#039;influencer Donald Trump sur l&#039;Ukraine de fa\u00e7on &quot;maladroite&quot;\" class=\"internal_link\" target=\"_blank\" rel=\"noopener\">Donald Trump<\/a>.<\/p>\n<p>\u00ab\u00a0Le r\u00e9gime ukrainien et ses repr\u00e9sentants (&#8230;) montrent avec toute \u00e9vidence qu&rsquo;ils ne sont pas int\u00e9ress\u00e9s par un r\u00e8glement juste et durable\u00a0\u00bb, a-t-il estim\u00e9.<\/p>\n","protected":false},"excerpt":{"rendered":"Le ministre russe des Affaires \u00e9trang\u00e8res a jug\u00e9 ce jeudi 21 ao\u00fbt \u00ab\u00a0inacceptable\u00a0\u00bb la possibilit\u00e9 de voir se&hellip;\n","protected":false},"author":2,"featured_media":50676,"comment_status":"","ping_status":"","sticky":false,"template":"","format":"standard","meta":{"footnotes":""},"categories":[5],"tags":[11,1011,27,14,12,28],"class_list":{"0":"post-333875","1":"post","2":"type-post","3":"status-publish","4":"format-standard","5":"has-post-thumbnail","7":"category-international","8":"tag-actualites","9":"tag-fr","10":"tag-france","11":"tag-international","12":"tag-news","13":"tag-world"},"share_on_mastodon":{"url":"https:\/\/pubeurope.com\/@fr\/115066755122229321","error":""},"_links":{"self":[{"href":"https:\/\/www.europesays.com\/fr\/wp-json\/wp\/v2\/posts\/333875","targetHints":{"allow":["GET"]}}],"collection":[{"href":"https:\/\/www.europesays.com\/fr\/wp-json\/wp\/v2\/posts"}],"about":[{"href":"https:\/\/www.europesays.com\/fr\/wp-json\/wp\/v2\/types\/post"}],"author":[{"embeddable":true,"href":"https:\/\/www.europesays.com\/fr\/wp-json\/wp\/v2\/users\/2"}],"replies":[{"embeddable":true,"href":"https:\/\/www.europesays.com\/fr\/wp-json\/wp\/v2\/comments?post=333875"}],"version-history":[{"count":0,"href":"https:\/\/www.europesays.com\/fr\/wp-json\/wp\/v2\/posts\/333875\/revisions"}],"wp:featuredmedia":[{"embeddable":true,"href":"https:\/\/www.europesays.com\/fr\/wp-json\/wp\/v2\/media\/50676"}],"wp:attachment":[{"href":"https:\/\/www.europesays.com\/fr\/wp-json\/wp\/v2\/media?parent=333875"}],"wp:term":[{"taxonomy":"category","embeddable":true,"href":"https:\/\/www.europesays.com\/fr\/wp-json\/wp\/v2\/categories?post=333875"},{"taxonomy":"post_tag","embeddable":true,"href":"https:\/\/www.europesays.com\/fr\/wp-json\/wp\/v2\/tags?post=333875"}],"curies":[{"name":"wp","href":"https:\/\/api.w.org\/{rel}","templated":true}]}}