{"id":333879,"date":"2025-08-21T12:30:16","date_gmt":"2025-08-21T12:30:16","guid":{"rendered":"https:\/\/www.europesays.com\/fr\/333879\/"},"modified":"2025-08-21T12:30:16","modified_gmt":"2025-08-21T12:30:16","slug":"une-station-biognv-en-service-a-lautomne","status":"publish","type":"post","link":"https:\/\/www.europesays.com\/fr\/333879\/","title":{"rendered":"une station BioGNV en service \u00e0 l\u2019automne"},"content":{"rendered":"<p>Depuis plusieurs semaines, les automobilistes empruntant la route M3 entre l\u2019entr\u00e9e sud de Roche-la-Moli\u00e8re et la Croix-de-Marlet ont constat\u00e9 le d\u00e9but d\u2019un chantier situ\u00e9 au Pontin, avec alternat de circulation.<\/p>\n<p>Saint-\u00c9tienne M\u00e9tropole construit une station BioGNV dans le cadre du soutien \u00e0 la transition \u00e9nerg\u00e9tique des professionnels. Ce sera la premi\u00e8re station install\u00e9e dans l\u2019Ondaine. La mise en service est pr\u00e9vue en octobre.<\/p>\n<p>Un autre \u00e9quipement doit voir le jour dans le Gier au d\u00e9but de l\u2019ann\u00e9e prochaine, le long de l\u2019A47 pr\u00e8s de l\u2019\u00e9changeur du Sardon. Ces deux offres compl\u00e9teront celle d\u00e9j\u00e0 propos\u00e9e vers Weiss, \u00e0 Saint- \u00c9tienne.<\/p>\n<p>Il y a trois ans, au moment de l\u2019annonce de la cr\u00e9ation de futures stations dans le Gier et l\u2019Ondaine, la pr\u00e9sidente par int\u00e9rim de SEM Sylvie Fayolle pr\u00e9cisait que les camions m\u00e9tropolitains de ramassage des d\u00e9chets seront l\u2019un des utilisateurs.<\/p>\n<p>  Une aide de 15\u00a0000\u00a0euros<\/p>\n<p>La M\u00e9tropole est le ma\u00eetre d\u2019ouvrage avec l\u2019objectif d\u2019offrir des alternatives au diesel pour les transporteurs et professionnels du territoire.<\/p>\n<p>Afin d\u2019inciter les entreprises locales \u00e0 passer au BioGNV, Saint-\u00c9tienne M\u00e9tropole propose un \u201cFonds air v\u00e9hicule\u201d, un dispositif permettant de b\u00e9n\u00e9ficier d\u2019une aide de 15\u00a0000\u00a0euros pour le remplacement d\u2019un v\u00e9hicule utilitaire ancien par un v\u00e9hicule fonctionnant au gaz naturel ou \u00e0 l\u2019\u00e9lectricit\u00e9.<\/p>\n<p>\u00ab\u00a0Pour mener \u00e0 bien ce projet d\u2019installation des deux nouvelles stations, indiquait SEM dans son magazine, une soci\u00e9t\u00e9 de projet d\u00e9di\u00e9e a \u00e9t\u00e9 cr\u00e9\u00e9e\u00a0\u00bb, en avril\u00a0: Saint-\u00c9tienne M\u00e9tropole Mobilit\u00e9 Biogaz. Elle r\u00e9unit la soci\u00e9t\u00e9 d\u2019\u00e9conomie mixte \u00c9nergies Vertes et M\u00e9tropole (48\u00a0%), les agriculteurs-m\u00e9thaniseurs du territoire (36\u00a0%) \u00e0 savoir <a href=\"https:\/\/www.leprogres.fr\/environnement\/2025\/08\/03\/un-an-apres-pilat-metha-alimente-en-biogaz-l-equivalent-de-700-foyers\" target=\"_blank\" rel=\"noopener\">Pilat M\u00e9tha \u00e0 La Terrasse-sur-Dorlay<\/a>, la ferme Robert \u00e0 Verri\u00e8re-en-Forez et M\u00e9thamoly \u00e0 Saint-Denis-sur-Coise, ainsi que l\u2019entreprise dr\u00f4moise Prodeval, experte en m\u00e9thanisation (15\u00a0%).<\/p>\n<p>\u00ab\u00a0Une boucle vertueuse\u00a0\u00bb<\/p>\n<p>\u00ab\u00a0Ce mod\u00e8le repose sur une boucle vertueuse. Les biod\u00e9chets issus des stations d\u2019\u00e9puration, des d\u00e9chets alimentaires des habitants (d\u00e9pos\u00e9s dans les 800 bornes d\u00e9di\u00e9es \u00e0 cet effet sur le territoire) ou de l\u2019industrie agroalimentaire sont transform\u00e9s localement en carburant, utilis\u00e9 par les lignes de bus Stas M2 et M5 (reliant respectivement Saint-\u00c9tienne \u00e0 Firminy, via Roche et \u00e0 Rive-de-Gier, NDLR) et les bennes \u00e0 ordures m\u00e9nag\u00e8res de la M\u00e9tropole\u2026\u00a0\u00bb<\/p>\n<p>Ils seront d\u00e9sormais propos\u00e9s aux entreprises locales.<\/p>\n","protected":false},"excerpt":{"rendered":"Depuis plusieurs semaines, les automobilistes empruntant la route M3 entre l\u2019entr\u00e9e sud de Roche-la-Moli\u00e8re et la Croix-de-Marlet ont&hellip;\n","protected":false},"author":2,"featured_media":333880,"comment_status":"","ping_status":"","sticky":false,"template":"","format":"standard","meta":{"footnotes":""},"categories":[9653],"tags":[1111,11,646,2430,130,33,7539,436,1777,674,1011,27,12,1800,25,12490,12491,4001,104],"class_list":{"0":"post-333879","1":"post","2":"type-post","3":"status-publish","4":"format-standard","5":"has-post-thumbnail","7":"category-saint-etienne","8":"tag-actu","9":"tag-actualites","10":"tag-automobile","11":"tag-auvergne-rhone-alpes","12":"tag-consommation","13":"tag-economie","14":"tag-edition-loire-sud","15":"tag-environnement","16":"tag-eu","17":"tag-europe","18":"tag-fr","19":"tag-france","20":"tag-news","21":"tag-pollution","22":"tag-republique-francaise","23":"tag-roche-la-moliere","24":"tag-roche-la-moliere-bassin","25":"tag-saint-etienne","26":"tag-societe"},"share_on_mastodon":{"url":"https:\/\/pubeurope.com\/@fr\/115066766852934139","error":""},"_links":{"self":[{"href":"https:\/\/www.europesays.com\/fr\/wp-json\/wp\/v2\/posts\/333879","targetHints":{"allow":["GET"]}}],"collection":[{"href":"https:\/\/www.europesays.com\/fr\/wp-json\/wp\/v2\/posts"}],"about":[{"href":"https:\/\/www.europesays.com\/fr\/wp-json\/wp\/v2\/types\/post"}],"author":[{"embeddable":true,"href":"https:\/\/www.europesays.com\/fr\/wp-json\/wp\/v2\/users\/2"}],"replies":[{"embeddable":true,"href":"https:\/\/www.europesays.com\/fr\/wp-json\/wp\/v2\/comments?post=333879"}],"version-history":[{"count":0,"href":"https:\/\/www.europesays.com\/fr\/wp-json\/wp\/v2\/posts\/333879\/revisions"}],"wp:featuredmedia":[{"embeddable":true,"href":"https:\/\/www.europesays.com\/fr\/wp-json\/wp\/v2\/media\/333880"}],"wp:attachment":[{"href":"https:\/\/www.europesays.com\/fr\/wp-json\/wp\/v2\/media?parent=333879"}],"wp:term":[{"taxonomy":"category","embeddable":true,"href":"https:\/\/www.europesays.com\/fr\/wp-json\/wp\/v2\/categories?post=333879"},{"taxonomy":"post_tag","embeddable":true,"href":"https:\/\/www.europesays.com\/fr\/wp-json\/wp\/v2\/tags?post=333879"}],"curies":[{"name":"wp","href":"https:\/\/api.w.org\/{rel}","templated":true}]}}