{"id":333881,"date":"2025-08-21T12:31:21","date_gmt":"2025-08-21T12:31:21","guid":{"rendered":"https:\/\/www.europesays.com\/fr\/333881\/"},"modified":"2025-08-21T12:31:21","modified_gmt":"2025-08-21T12:31:21","slug":"usbcoasse-gael-angoula-au-sifflet","status":"publish","type":"post","link":"https:\/\/www.europesays.com\/fr\/333881\/","title":{"rendered":"#USBCOASSE : Ga\u00ebl Angoula au sifflet"},"content":{"rendered":"<p>Apr\u00e8s Laval et la Mayenne (3-3), ce deuxi\u00e8me d\u00e9placement conduira les St\u00e9phanois \u00e0 l&rsquo;occurrence Boulogne-sur-Mer, samedi 23 ao\u00fbt (20h), pour le compte de la troisi\u00e8me journ\u00e9e de Ligue 2 BKT. Cette rencontre sera arbitr\u00e9e par Ga\u00ebl Angoula. Ce dernier sera assist\u00e9 de Julien Garrigues et de Gilles Lang-Kaercher. Par ailleurs, les instances f\u00e9d\u00e9rales ont d\u00e9sign\u00e9 Ali Djedid en qualit\u00e9 d&rsquo;arbitre rempla\u00e7ant.<\/p>\n<p>Lors du pr\u00e9c\u00e9dent exercice, Ga\u00ebl Angoula a dirig\u00e9 notamment huit rencontres de Ligue 1 McDonald&rsquo;s ayant donn\u00e9 lieu \u00e0 30 avertissements ainsi qu&rsquo;\u00e0 deux expulsions. Il a, entre autres, dirig\u00e9 le match ayant oppos\u00e9 les Verts, sanctionn\u00e9s de deux penalties, \u00e0 Brest, le 31 ao\u00fbt 2024; un d\u00e9placement synonyme de s\u00e9v\u00e8re revers (4-0).\u00a0<\/p>\n<p>Ga\u00ebl Angoula, ancien d\u00e9fenseur ayant notamment \u00e9volu\u00e9 \u00e0 Bastia et Angers, avait \u00e9galement crois\u00e9 la route des St\u00e9phanois en Ligue 2, le 1er octobre 2022 lors de la r\u00e9ception de Grenoble (2-2; buts inscrits par Dylan Chambost d&rsquo;une magnifique frappe enroul\u00e9e et par Anthony Brian\u00e7on d&rsquo;un coup de t\u00eate rageur).<\/p>\n","protected":false},"excerpt":{"rendered":"Apr\u00e8s Laval et la Mayenne (3-3), ce deuxi\u00e8me d\u00e9placement conduira les St\u00e9phanois \u00e0 l&rsquo;occurrence Boulogne-sur-Mer, samedi 23 ao\u00fbt&hellip;\n","protected":false},"author":2,"featured_media":333882,"comment_status":"","ping_status":"","sticky":false,"template":"","format":"standard","meta":{"footnotes":""},"categories":[9653],"tags":[1111,11,2430,1777,674,1011,27,12,25,4001],"class_list":{"0":"post-333881","1":"post","2":"type-post","3":"status-publish","4":"format-standard","5":"has-post-thumbnail","7":"category-saint-etienne","8":"tag-actu","9":"tag-actualites","10":"tag-auvergne-rhone-alpes","11":"tag-eu","12":"tag-europe","13":"tag-fr","14":"tag-france","15":"tag-news","16":"tag-republique-francaise","17":"tag-saint-etienne"},"share_on_mastodon":{"url":"https:\/\/pubeurope.com\/@fr\/115066770906670261","error":""},"_links":{"self":[{"href":"https:\/\/www.europesays.com\/fr\/wp-json\/wp\/v2\/posts\/333881","targetHints":{"allow":["GET"]}}],"collection":[{"href":"https:\/\/www.europesays.com\/fr\/wp-json\/wp\/v2\/posts"}],"about":[{"href":"https:\/\/www.europesays.com\/fr\/wp-json\/wp\/v2\/types\/post"}],"author":[{"embeddable":true,"href":"https:\/\/www.europesays.com\/fr\/wp-json\/wp\/v2\/users\/2"}],"replies":[{"embeddable":true,"href":"https:\/\/www.europesays.com\/fr\/wp-json\/wp\/v2\/comments?post=333881"}],"version-history":[{"count":0,"href":"https:\/\/www.europesays.com\/fr\/wp-json\/wp\/v2\/posts\/333881\/revisions"}],"wp:featuredmedia":[{"embeddable":true,"href":"https:\/\/www.europesays.com\/fr\/wp-json\/wp\/v2\/media\/333882"}],"wp:attachment":[{"href":"https:\/\/www.europesays.com\/fr\/wp-json\/wp\/v2\/media?parent=333881"}],"wp:term":[{"taxonomy":"category","embeddable":true,"href":"https:\/\/www.europesays.com\/fr\/wp-json\/wp\/v2\/categories?post=333881"},{"taxonomy":"post_tag","embeddable":true,"href":"https:\/\/www.europesays.com\/fr\/wp-json\/wp\/v2\/tags?post=333881"}],"curies":[{"name":"wp","href":"https:\/\/api.w.org\/{rel}","templated":true}]}}