{"id":333885,"date":"2025-08-21T12:33:14","date_gmt":"2025-08-21T12:33:14","guid":{"rendered":"https:\/\/www.europesays.com\/fr\/333885\/"},"modified":"2025-08-21T12:33:14","modified_gmt":"2025-08-21T12:33:14","slug":"national-dfco-elydjah-mendy-piste-par-nancy","status":"publish","type":"post","link":"https:\/\/www.europesays.com\/fr\/333885\/","title":{"rendered":"National . DFCO : Elydjah Mendy pist\u00e9 par Nancy"},"content":{"rendered":"<p>Il n\u2019est pas du d\u00e9placement vers Saint-Brieuc (match ce vendredi \u00e0 19h30), comme il n\u2019\u00e9tait pas sur la feuille de match <a href=\"https:\/\/www.bienpublic.com\/sport\/2025\/08\/15\/le-dfco-veut-confirmer-a-domicile-contre-rouen\" target=\"_blank\" rel=\"noopener\">lors de la r\u00e9ception du FC Rouen (1-1)<\/a>, le week-end dernier.<\/p>\n<p>\u00ab\u00a0Il n&rsquo;est pas \u00e0 100 %, donc par rapport \u00e0 \u00e7a, il ne s&rsquo;est pas entra\u00een\u00e9 ce (mercredi) matin, mais on n&rsquo;a pas plus d&rsquo;informations \u00e0 donner le concernant\u00a0\u00bb, <a href=\"https:\/\/www.bienpublic.com\/sport\/2025\/08\/20\/baptiste-ridira-avant-saint-brieuc-dfco-etre-encore-plus-efficace-encore-plus-tueur\" target=\"_blank\" rel=\"noopener\">expliquait Baptiste Ridira ce mercredi en conf\u00e9rence de presse d\u2019avant-match<\/a>, \u00e0 propos d\u2019<a href=\"https:\/\/www.bienpublic.com\/p\/elydjah-mendy\" target=\"_blank\" rel=\"noopener\">Elydjah Mendy<\/a>.<\/p>\n<p>Il avait marqu\u00e9 contre Nancy en championnat<\/p>\n<p>Si le d\u00e9fenseur de 25 ans, dont les qualit\u00e9s humaines sont lou\u00e9es par ses co\u00e9quipiers et l\u2019ensemble du club, n\u2019a pas s\u00e9ch\u00e9 la s\u00e9ance, son avenir \u00e0 Dijon s\u2019inscrit en pointill\u00e9s, malgr\u00e9 la volont\u00e9 des dirigeants du DFCO de le conserver.<\/p>\n<p>Selon nos informations, Elydjah Mendy est dans le viseur de l\u2019AS Nancy-Lorraine (promue en Ligue 2),<a href=\"https:\/\/www.bienpublic.com\/sport\/2024\/09\/20\/un-dfco-solide-et-solidaire-a-nancy\" target=\"_blank\" rel=\"noopener\"> contre qui il avait marqu\u00e9 l\u2019an pass\u00e9 en championnat \u00e0 Marcel-Picot (0-1)<\/a>.<\/p>\n","protected":false},"excerpt":{"rendered":"Il n\u2019est pas du d\u00e9placement vers Saint-Brieuc (match ce vendredi \u00e0 19h30), comme il n\u2019\u00e9tait pas sur la&hellip;\n","protected":false},"author":2,"featured_media":333886,"comment_status":"","ping_status":"","sticky":false,"template":"","format":"standard","meta":{"footnotes":""},"categories":[9635],"tags":[1111,11,2931,24879,2930,1777,674,107,63,1011,27,775,23100,1702,12,25,517],"class_list":{"0":"post-333885","1":"post","2":"type-post","3":"status-publish","4":"format-standard","5":"has-post-thumbnail","7":"category-nancy","8":"tag-actu","9":"tag-actualites","10":"tag-cote-dor","11":"tag-dfco-dijon-football-cote-dor","12":"tag-dijon","13":"tag-eu","14":"tag-europe","15":"tag-fil-info","16":"tag-football","17":"tag-fr","18":"tag-france","19":"tag-grand-est","20":"tag-mercato-football","21":"tag-nancy","22":"tag-news","23":"tag-republique-francaise","24":"tag-sport"},"share_on_mastodon":{"url":"https:\/\/pubeurope.com\/@fr\/115066778639524544","error":""},"_links":{"self":[{"href":"https:\/\/www.europesays.com\/fr\/wp-json\/wp\/v2\/posts\/333885","targetHints":{"allow":["GET"]}}],"collection":[{"href":"https:\/\/www.europesays.com\/fr\/wp-json\/wp\/v2\/posts"}],"about":[{"href":"https:\/\/www.europesays.com\/fr\/wp-json\/wp\/v2\/types\/post"}],"author":[{"embeddable":true,"href":"https:\/\/www.europesays.com\/fr\/wp-json\/wp\/v2\/users\/2"}],"replies":[{"embeddable":true,"href":"https:\/\/www.europesays.com\/fr\/wp-json\/wp\/v2\/comments?post=333885"}],"version-history":[{"count":0,"href":"https:\/\/www.europesays.com\/fr\/wp-json\/wp\/v2\/posts\/333885\/revisions"}],"wp:featuredmedia":[{"embeddable":true,"href":"https:\/\/www.europesays.com\/fr\/wp-json\/wp\/v2\/media\/333886"}],"wp:attachment":[{"href":"https:\/\/www.europesays.com\/fr\/wp-json\/wp\/v2\/media?parent=333885"}],"wp:term":[{"taxonomy":"category","embeddable":true,"href":"https:\/\/www.europesays.com\/fr\/wp-json\/wp\/v2\/categories?post=333885"},{"taxonomy":"post_tag","embeddable":true,"href":"https:\/\/www.europesays.com\/fr\/wp-json\/wp\/v2\/tags?post=333885"}],"curies":[{"name":"wp","href":"https:\/\/api.w.org\/{rel}","templated":true}]}}