{"id":333887,"date":"2025-08-21T12:34:23","date_gmt":"2025-08-21T12:34:23","guid":{"rendered":"https:\/\/www.europesays.com\/fr\/333887\/"},"modified":"2025-08-21T12:34:23","modified_gmt":"2025-08-21T12:34:23","slug":"baignade-a-nouveau-autorisee-sur-les-plages-de-sanary-sanary-sur-mer","status":"publish","type":"post","link":"https:\/\/www.europesays.com\/fr\/333887\/","title":{"rendered":"Baignade \u00e0 nouveau autoris\u00e9e sur les plages de Sanary &#8211; Sanary-sur-Mer"},"content":{"rendered":"<p class=\"encadrearticle\">Mise \u00e0 jour 20\/8 12h15: les derni\u00e8res analyses de la qualit\u00e9 des eaux de baignade indiquent un retour \u00e0 la normale. La baignade est donc \u00e0 nouveau autoris\u00e9e sur ces deux plages ainsi que toutes les autres de la commune.<\/p>\n<p>&#13;<\/p>\n<p>Alors que l\u2019\u00e9t\u00e9 bat son plein et que les plages sanaryennes attirent habitants comme vacanciers, <strong>deux sites embl\u00e9matiques viennent d\u2019\u00eatre interdits \u00e0 la baignade par mesure de pr\u00e9caution<\/strong>. Les autorit\u00e9s locales ont ordonn\u00e9 la fermeture des plages de Portissol et de la Gorguette dans l\u2019attente des r\u00e9sultats d\u2019analyses de l\u2019eau.<\/p>\n<p>&#13;<br \/>\nDes fermetures d\u00e9cid\u00e9es par pr\u00e9caution&#13;<\/p>\n<p data-start=\"807\" data-end=\"1090\">Selon la mairie,<strong> il s\u2019agit d\u2019une mesure provisoire visant \u00e0 prot\u00e9ger la sant\u00e9 du public.<\/strong> La qualit\u00e9 de l\u2019eau a soulev\u00e9 des inqui\u00e9tudes et des pr\u00e9l\u00e8vements ont imm\u00e9diatement \u00e9t\u00e9 effectu\u00e9s. <strong>La r\u00e9ouverture sera envisag\u00e9e d\u00e8s que les r\u00e9sultats confirment l\u2019absence de risque sanitaire.<\/strong><\/p>\n<p>&#13;<br \/>\nQuelles plages sont concern\u00e9es ?&#13;<br \/>\n&#13;<\/p>\n<p>&#13;<br \/>\n&#13;<\/p>\n<p>&#13;<\/p>\n<p data-start=\"1354\" data-end=\"1492\">Ces deux plages \u00e9taient donc <strong>temporairement interdites \u00e0 la baignade jusqu&rsquo;\u00e0 ce mercredi matin. Le<\/strong>s autres sites baln\u00e9aires de la commune sont \u00e9galement ouverts.<\/p>\n","protected":false},"excerpt":{"rendered":"Mise \u00e0 jour 20\/8 12h15: les derni\u00e8res analyses de la qualit\u00e9 des eaux de baignade indiquent un retour&hellip;\n","protected":false},"author":2,"featured_media":333888,"comment_status":"","ping_status":"","sticky":false,"template":"","format":"standard","meta":{"footnotes":""},"categories":[9619],"tags":[1111,11,1777,674,1011,27,12,882,25,2310],"class_list":{"0":"post-333887","1":"post","2":"type-post","3":"status-publish","4":"format-standard","5":"has-post-thumbnail","7":"category-toulon","8":"tag-actu","9":"tag-actualites","10":"tag-eu","11":"tag-europe","12":"tag-fr","13":"tag-france","14":"tag-news","15":"tag-provence-alpes-cote-dazur","16":"tag-republique-francaise","17":"tag-toulon"},"share_on_mastodon":{"url":"https:\/\/pubeurope.com\/@fr\/115066784067617318","error":""},"_links":{"self":[{"href":"https:\/\/www.europesays.com\/fr\/wp-json\/wp\/v2\/posts\/333887","targetHints":{"allow":["GET"]}}],"collection":[{"href":"https:\/\/www.europesays.com\/fr\/wp-json\/wp\/v2\/posts"}],"about":[{"href":"https:\/\/www.europesays.com\/fr\/wp-json\/wp\/v2\/types\/post"}],"author":[{"embeddable":true,"href":"https:\/\/www.europesays.com\/fr\/wp-json\/wp\/v2\/users\/2"}],"replies":[{"embeddable":true,"href":"https:\/\/www.europesays.com\/fr\/wp-json\/wp\/v2\/comments?post=333887"}],"version-history":[{"count":0,"href":"https:\/\/www.europesays.com\/fr\/wp-json\/wp\/v2\/posts\/333887\/revisions"}],"wp:featuredmedia":[{"embeddable":true,"href":"https:\/\/www.europesays.com\/fr\/wp-json\/wp\/v2\/media\/333888"}],"wp:attachment":[{"href":"https:\/\/www.europesays.com\/fr\/wp-json\/wp\/v2\/media?parent=333887"}],"wp:term":[{"taxonomy":"category","embeddable":true,"href":"https:\/\/www.europesays.com\/fr\/wp-json\/wp\/v2\/categories?post=333887"},{"taxonomy":"post_tag","embeddable":true,"href":"https:\/\/www.europesays.com\/fr\/wp-json\/wp\/v2\/tags?post=333887"}],"curies":[{"name":"wp","href":"https:\/\/api.w.org\/{rel}","templated":true}]}}