{"id":333889,"date":"2025-08-21T12:35:30","date_gmt":"2025-08-21T12:35:30","guid":{"rendered":"https:\/\/www.europesays.com\/fr\/333889\/"},"modified":"2025-08-21T12:35:30","modified_gmt":"2025-08-21T12:35:30","slug":"top-14-transferts-clermont-ou-toulon-baptiste-jauneau-asm-a-fait-son-choix","status":"publish","type":"post","link":"https:\/\/www.europesays.com\/fr\/333889\/","title":{"rendered":"TOP 14. TRANSFERTS. Clermont ou Toulon ? Baptiste Jauneau (ASM) a fait son choix"},"content":{"rendered":"<p>C&rsquo;est l&rsquo;un des feuilletons du d\u00e9but de l&rsquo;\u00e9t\u00e9 sur le march\u00e9 des <a href=\"https:\/\/www.lerugbynistere.fr\/transferts\/\" ui-sref=\"app.category(categoryId: 1})\" alt=\"Transferts\" data-route=\"app.category\" data-param=\"categoryId\" data-id=\"10\" rel=\"nofollow noopener\" target=\"_blank\">transferts<\/a>, celui de l&rsquo;avenir de Baptiste Jauneau. <strong>Tr\u00e8s courtis\u00e9 et talentueux, le jeune demi de m\u00eal\u00e9e est en fin de contrat en 2026<\/strong>.<\/p>\n<p>Form\u00e9 au club, <strong>l&rsquo;ASM souhaite donc le conserver mais fait face \u00e0 la concurrence de <a href=\"https:\/\/www.lerugbynistere.fr\/clubs\/rugby-club-toulonnais.php\" ui-sref=\"app.team({teamId: 28})\" alt=\"Toulon\" data-route=\"app.team\" data-param=\"teamId\" data-id=\"28\" rel=\"nofollow noopener\" target=\"_blank\">Toulon<\/a> sur le dossier<\/strong>. Le RCT poss\u00e8de \u00e9galement un demi de m\u00eal\u00e9e titulaire en fin de contrat \u00e0 l&rsquo;issue de la saison prochaine, <a href=\"https:\/\/www.lerugbynistere.fr\/fiches-joueurs\/baptiste-serin.php\" ui-sref=\"app.player({playerId: 658})\" alt=\"Baptiste Serin\" data-route=\"app.player\" data-param=\"playerId\" data-id=\"658\" rel=\"nofollow noopener\" target=\"_blank\">Baptiste Serin<\/a>, et dont l&rsquo;avenir est incertain.<\/p>\n<p><a class=\"inserer_lien_article\" href=\"https:\/\/www.lerugbynistere.fr\/news\/top-14-le-formater-au-haut-niveau-le-jeune-valentin-hutteau-ubb-avec-lucu-comme-mentor-2008251127.php\" data-id=\"45871\" data-route=\"app.article\" data-param=\"articleId\" ui-sref=\"app.article({articleId: 45871})\" alt=\"TOP 14. &#039;&#039;Le formater au haut niveau&#039;&#039; : le jeune Valentin Hutteau (UBB) avec Lucu comme mentor\" title=\"TOP 14. &#039;&#039;Le formater au haut niveau&#039;&#039; : le jeune Valentin Hutteau (UBB) avec Lucu comme mentor\" rel=\"nofollow noopener\" target=\"_blank\"><img decoding=\"async\" src=\"https:\/\/www.europesays.com\/fr\/wp-content\/uploads\/2025\/08\/valentin-hutteau-sous-legide-de-maxime-lucu-20-08-25-6444.jpg\" alt=\"TOP 14. ''Le formater au haut niveau'' : le jeune Valentin Hutteau (UBB) avec Lucu comme mentor\"\/>TOP 14. \u00a0\u00bbLe formater au haut niveau\u00a0\u00bb : le jeune Valentin Hutteau (UBB) avec Lucu comme mentor<\/a><\/p>\n<p>Jauneau aurait choisi <a href=\"https:\/\/www.lerugbynistere.fr\/clubs\/asm-clermont-auvergne.php\" ui-sref=\"app.team({teamId: 31})\" alt=\"Clermont\" data-route=\"app.team\" data-param=\"teamId\" data-id=\"31\" rel=\"nofollow noopener\" target=\"_blank\">Clermont<\/a><\/p>\n<p>R\u00e9cemment, Midi Olympique annon\u00e7ait que <a href=\"https:\/\/www.lerugbynistere.fr\/news\/transfert-top-14-clermont-peut-il-vraiment-retenir-baptiste-jauneau-face-aux-intentions-claires-de-toulon-0908251019.php\" rel=\"nofollow noopener\" target=\"_blank\">le RCT avait fait une offre de contrat XXL \u00e0 Jauneau<\/a>. Et malgr\u00e9 cela, <strong>d&rsquo;apr\u00e8s le <a href=\"https:\/\/www.rugbyrama.fr\/2025\/08\/20\/transferts-top-14-info-midol-tres-sollicite-baptiste-jauneau-a-pris-sa-decision-sur-son-avenir-12884671.php\" rel=\"nofollow noopener\" target=\"_blank\">Midol<\/a>, Baptiste Jauneau aurait d\u00e9cid\u00e9 de rester dans l&rsquo;<a href=\"https:\/\/www.lerugbynistere.fr\/amateur\/auvergne\/\" ui-sref=\"app.committee\" alt=\"Auvergne\" data-route=\"app.committee\" data-param=\"committeeId\" data-id=\"4\" rel=\"nofollow noopener\" target=\"_blank\">Auvergne<\/a><\/strong>.<\/p>\n<p>Le demi de m\u00eal\u00e9e aurait accept\u00e9 le contrat de l&rsquo;ASM avec une revalorisation salariale \u00e0 la cl\u00e9. <strong>Il signerait pour deux saisons suppl\u00e9mentaires et serait, d\u00e9sormais, li\u00e9 \u00e0 Clermont jusqu&rsquo;en juin 2028<\/strong>.<\/p>\n<p><a class=\"inserer_lien_article\" href=\"https:\/\/www.lerugbynistere.fr\/news\/5-cliches-tenaces-sur-le-rugby-feminin-demontes-une-bonne-fois-pour-toutes-1908251800.php\" data-id=\"45870\" data-route=\"app.article\" data-param=\"articleId\" ui-sref=\"app.article({articleId: 45870})\" alt=\"5 clich\u00e9s tenaces sur le rugby f\u00e9minin qui s&#039;effondrent face \u00e0 la r\u00e9alit\u00e9\" title=\"5 clich\u00e9s tenaces sur le rugby f\u00e9minin qui s&#039;effondrent face \u00e0 la r\u00e9alit\u00e9\" rel=\"nofollow noopener\" target=\"_blank\"><img decoding=\"async\" src=\"https:\/\/www.europesays.com\/fr\/wp-content\/uploads\/2025\/08\/1755729918_220_rugby-feminin-les-5-cliches-deconstruit-19-08-25-179.jpg\" alt=\"5 clich\u00e9s tenaces sur le rugby f\u00e9minin qui s'effondrent face \u00e0 la r\u00e9alit\u00e9\"\/>5 clich\u00e9s tenaces sur le rugby f\u00e9minin qui s&rsquo;effondrent face \u00e0 la r\u00e9alit\u00e9<\/a><\/p>\n<blockquote class=\"twitter-tweet\"><p>&#13;<\/p>\n<p lang=\"fr\" dir=\"ltr\">Fin de tourn\u00e9e pour \ud835\ude13\ud835\ude26\u0301\ud835\ude30\ud835\ude2f, \ud835\ude12\ud835\ude2a\ud835\ude2d\ud835\ude2d\ud835\ude2a\ud835\ude22\ud835\ude2f, \ud835\ude19\ud835\ude26\u0301\ud835\ude28\ud835\ude2a\ud835\ude34 \ud835\ude26\ud835\ude35 \ud835\ude09\ud835\ude22\ud835\ude31\ud835\ude35\ud835\ude2a\ud835\ude34\ud835\ude35\ud835\ude26 \ud83c\uddeb\ud83c\uddf7<\/p>\n<p>\ud835\ude3d\ud835\ude67\ud835\ude56\ud835\ude6b\ud835\ude64 les gar\u00e7ons et bonnes vacances \ud83d\udc4f <a href=\"https:\/\/t.co\/k9pd8z41z0\" rel=\"nofollow\">pic.twitter.com\/k9pd8z41z0<\/a><\/p>\n<p>&#13;<br \/>\n\u2014 ASM Rugby (@ASMOfficiel) <a href=\"https:\/\/twitter.com\/ASMOfficiel\/status\/1947303216372240670?ref_src=twsrc%5Etfw\" rel=\"nofollow noopener\" target=\"_blank\">July 21, 2025<\/a><\/p><\/blockquote>\n<p>Un dossier symbolique pour l&rsquo;ASM, quid de Serin au RCT<\/p>\n<p>C&rsquo;est donc une nouvelle qui va ravir les supporters des Jaunards. <strong>Le jeune form\u00e9 au club, n\u00e9o-international (2 s\u00e9lections), devrait poursuivre son aventure \u00e0 Clermont<\/strong>.<\/p>\n<p>Un dossier symbolique pour Clermont, notamment car <strong>il incarnait l&rsquo;avenir du club avec Christophe Urios \u00e0 ses r\u00eanes<\/strong>. Ce dernier n&rsquo;a d&rsquo;ailleurs pas h\u00e9sit\u00e9 \u00e0 le promouvoir capitaine la saison derni\u00e8re, \u00e0 21 ans. Et sans Jauneau, <strong>le projet de l&rsquo;ASM en prenait un coup et perdait, de suite, en cr\u00e9dibilit\u00e9<\/strong>.<\/p>\n<p>Du c\u00f4t\u00e9 du RCT, c&rsquo;est une petite douche froide, apr\u00e8s\u00a0<a href=\"https:\/\/www.lerugbynistere.fr\/news\/transfert-top-14-convoite-lenni-nouchi-mhr-fait-un-choix-tres-fort-pour-la-suite-de-sa-carriere-1908251002.php\" rel=\"nofollow noopener\" target=\"_blank\">l&rsquo;\u00e9chec de la signature du troisi\u00e8me ligne<\/a> de <a href=\"https:\/\/www.lerugbynistere.fr\/clubs\/mhrc-montpellier.php\" ui-sref=\"app.team({teamId: 36})\" alt=\"Montpellier\" data-route=\"app.team\" data-param=\"teamId\" data-id=\"36\" rel=\"nofollow noopener\" target=\"_blank\">Montpellier<\/a> <a href=\"https:\/\/www.lerugbynistere.fr\/fiches-joueurs\/lenny-nouchi.php\" ui-sref=\"app.player({playerId: 13178})\" alt=\"Lenni Nouchi\" data-route=\"app.player\" data-param=\"playerId\" data-id=\"13178\" rel=\"nofollow noopener\" target=\"_blank\">Lenni Nouchi<\/a> tout r\u00e9cemment. <strong>Baptiste Serin est en fin de contrat \u00e0 l&rsquo;\u00e9t\u00e9 prochain, m\u00eame s&rsquo;il poss\u00e8de une ann\u00e9e suppl\u00e9mentaire en option<\/strong>. Tandis que <a href=\"https:\/\/www.lerugbynistere.fr\/fiches-joueurs\/mathis-ferte.php\" ui-sref=\"app.player({playerId: 14349})\" alt=\"Mathis Fert\u00e9\" data-route=\"app.player\" data-param=\"playerId\" data-id=\"14349\" rel=\"nofollow noopener\" target=\"_blank\">Mathis Fert\u00e9<\/a> vient de poser ses valises dans le Var, lui qui a termin\u00e9 la saison en tant que demi de m\u00eal\u00e9e titulaire \u00e0 <a href=\"https:\/\/www.lerugbynistere.fr\/clubs\/cabcl-brive.php\" ui-sref=\"app.team({teamId: 35})\" alt=\"Brive\" data-route=\"app.team\" data-param=\"teamId\" data-id=\"35\" rel=\"nofollow noopener\" target=\"_blank\">Brive<\/a>, devant <a href=\"https:\/\/www.lerugbynistere.fr\/fiches-joueurs\/leo-carbonneau.php\" ui-sref=\"app.player({playerId: 14350})\" alt=\"L\u00e9o Carbonneau\" data-route=\"app.player\" data-param=\"playerId\" data-id=\"14350\" rel=\"nofollow noopener\" target=\"_blank\">L\u00e9o Carbonneau<\/a>.<\/p>\n<p><a class=\"inserer_lien_article\" href=\"https:\/\/www.lerugbynistere.fr\/news\/transfert-top-14-convoite-lenni-nouchi-mhr-fait-un-choix-tres-fort-pour-la-suite-de-sa-carriere-1908251002.php\" data-id=\"45860\" data-route=\"app.article\" data-param=\"articleId\" ui-sref=\"app.article({articleId: 45860})\" alt=\"TRANSFERT. TOP 14. Convoit\u00e9, Lenni Nouchi (MHR) fait un choix tr\u00e8s fort pour la suite de sa carri\u00e8re\" title=\"TRANSFERT. TOP 14. Convoit\u00e9, Lenni Nouchi (MHR) fait un choix tr\u00e8s fort pour la suite de sa carri\u00e8re\" rel=\"nofollow noopener\" target=\"_blank\"><img decoding=\"async\" src=\"https:\/\/www.europesays.com\/fr\/wp-content\/uploads\/2025\/08\/lenni-nouchi-a-prolonge-jusquen-2028-au-mhr-malgre-les-appels-de-toulon-a-seulement-21-ans-linternat.jpeg\" alt=\"TRANSFERT. TOP 14. Convoit\u00e9, Lenni Nouchi (MHR) fait un choix tr\u00e8s fort pour la suite de sa carri\u00e8re\"\/>TRANSFERT. TOP 14. Convoit\u00e9, Lenni Nouchi (MHR) fait un choix tr\u00e8s fort pour la suite de sa carri\u00e8re<\/a><\/p>\n<blockquote class=\"twitter-tweet\"><p>&#13;<\/p>\n<p lang=\"fr\" dir=\"ltr\">Retour de nos internationaux avec le groupe pour le stage au Chambon-sur-Lignon \ud83d\udc4b\ud83d\ude01 <a href=\"https:\/\/t.co\/HeWBQP738m\" rel=\"nofollow\">pic.twitter.com\/HeWBQP738m<\/a><\/p>\n<p>&#13;<br \/>\n\u2014 ASM Rugby (@ASMOfficiel) <a href=\"https:\/\/twitter.com\/ASMOfficiel\/status\/1957440403369595227?ref_src=twsrc%5Etfw\" rel=\"nofollow noopener\" target=\"_blank\">August 18, 2025<\/a><\/p><\/blockquote>\n<p>                            <script async src=\"https:\/\/platform.twitter.com\/widgets.js\" charset=\"utf-8\"><\/script><\/p>\n","protected":false},"excerpt":{"rendered":"C&rsquo;est l&rsquo;un des feuilletons du d\u00e9but de l&rsquo;\u00e9t\u00e9 sur le march\u00e9 des transferts, celui de l&rsquo;avenir de Baptiste&hellip;\n","protected":false},"author":2,"featured_media":333890,"comment_status":"","ping_status":"","sticky":false,"template":"","format":"standard","meta":{"footnotes":""},"categories":[9619],"tags":[1111,11,1777,674,1011,27,12,882,25,2310],"class_list":{"0":"post-333889","1":"post","2":"type-post","3":"status-publish","4":"format-standard","5":"has-post-thumbnail","7":"category-toulon","8":"tag-actu","9":"tag-actualites","10":"tag-eu","11":"tag-europe","12":"tag-fr","13":"tag-france","14":"tag-news","15":"tag-provence-alpes-cote-dazur","16":"tag-republique-francaise","17":"tag-toulon"},"share_on_mastodon":{"url":"https:\/\/pubeurope.com\/@fr\/115066787435402956","error":""},"_links":{"self":[{"href":"https:\/\/www.europesays.com\/fr\/wp-json\/wp\/v2\/posts\/333889","targetHints":{"allow":["GET"]}}],"collection":[{"href":"https:\/\/www.europesays.com\/fr\/wp-json\/wp\/v2\/posts"}],"about":[{"href":"https:\/\/www.europesays.com\/fr\/wp-json\/wp\/v2\/types\/post"}],"author":[{"embeddable":true,"href":"https:\/\/www.europesays.com\/fr\/wp-json\/wp\/v2\/users\/2"}],"replies":[{"embeddable":true,"href":"https:\/\/www.europesays.com\/fr\/wp-json\/wp\/v2\/comments?post=333889"}],"version-history":[{"count":0,"href":"https:\/\/www.europesays.com\/fr\/wp-json\/wp\/v2\/posts\/333889\/revisions"}],"wp:featuredmedia":[{"embeddable":true,"href":"https:\/\/www.europesays.com\/fr\/wp-json\/wp\/v2\/media\/333890"}],"wp:attachment":[{"href":"https:\/\/www.europesays.com\/fr\/wp-json\/wp\/v2\/media?parent=333889"}],"wp:term":[{"taxonomy":"category","embeddable":true,"href":"https:\/\/www.europesays.com\/fr\/wp-json\/wp\/v2\/categories?post=333889"},{"taxonomy":"post_tag","embeddable":true,"href":"https:\/\/www.europesays.com\/fr\/wp-json\/wp\/v2\/tags?post=333889"}],"curies":[{"name":"wp","href":"https:\/\/api.w.org\/{rel}","templated":true}]}}