{"id":333891,"date":"2025-08-21T12:36:26","date_gmt":"2025-08-21T12:36:26","guid":{"rendered":"https:\/\/www.europesays.com\/fr\/333891\/"},"modified":"2025-08-21T12:36:26","modified_gmt":"2025-08-21T12:36:26","slug":"apres-avoir-ete-brulee-sur-lesplanade-la-sculpture-de-germaine-richier-la-spirale-sera-enfin-inauguree-a-montpellier","status":"publish","type":"post","link":"https:\/\/www.europesays.com\/fr\/333891\/","title":{"rendered":"Apr\u00e8s avoir \u00e9t\u00e9 br\u00fbl\u00e9e sur l\u2019Esplanade, la sculpture de Germaine Richier, \u00ab\u00a0la Spirale\u00a0\u00bb, sera enfin inaugur\u00e9e \u00e0 Montpellier"},"content":{"rendered":"<p>\n                                                                La sculpture \u00ab\u00a0La Spirale\u00a0\u00bb de Germaine Richier, endommag\u00e9e le 31\u00a0mai lors des c\u00e9l\u00e9brations de la victoire du PSG en Ligue des champions, sera inaugur\u00e9e mercredi 27\u00a0ao\u00fbt sur l\u2019esplanade Charles-de-Gaulle. Restaur\u00e9e apr\u00e8s un passage en fonderie, l\u2019\u0153uvre monumentale acquise par le mus\u00e9e Fabre s\u2019inscrit dans le projet de r\u00e9am\u00e9nagement de la place, aux c\u00f4t\u00e9s d\u2019autres installations artistiques.\n                            <\/p>\n<p>L\u2019inauguration aura bien lieu. Endommag\u00e9e, le 31\u00a0mai dernier, <a href=\"https:\/\/www.midilibre.fr\/2025\/06\/01\/incidents-a-montpellier-apres-le-match-de-paris-sur-lesplanade-la-sculpture-de-germaine-richier-a-eu-tres-chaud-12734118.php\" target=\"_blank\" rel=\"nofollow noopener\">en marge des c\u00e9l\u00e9brations de la victoire du PSG en Ligue des champions<\/a>, la sculpture \u00ab\u00a0La Spirale\u00a0\u00bb sera finalement inaugur\u00e9e mercredi 27\u00a0ao\u00fbt \u00e0 18\u00a0h sur l\u2019esplanade Charles-de-Gaulle.<\/p>\n<p>L\u2019\u0153uvre de Germaine Richier <a href=\"https:\/\/www.midilibre.fr\/2025\/06\/02\/caisse-en-bois-incendiee-plainte-deposee-inauguration-reportee-on-en-sait-plus-sur-la-degradation-de-la-spirale-a-montpellier-12735687.php\" target=\"_blank\" rel=\"nofollow noopener\">avait \u00e9t\u00e9 d\u00e9grad\u00e9e apr\u00e8s s\u2019\u00eatre retrouv\u00e9e au milieu des flammes<\/a>. Le feu avait pris sur la caisse en bois qui couvrait ce bronze monumental d\u2019un peu plus de trois m\u00e8tres de hauteur, encore abrit\u00e9e des regards du grand public.<\/p>\n<p>Des dommages qui n\u00e9cessitaient une restauration<\/p>\n<p>Les experts avaient mis en \u00e9vidence des dommages qui n\u00e9cessitaient une restauration et un retour en fonderie. Une plainte avait \u00e9galement \u00e9t\u00e9 d\u00e9pos\u00e9e. L\u2019inauguration, initialement pr\u00e9vue le 5\u00a0juin, avait d\u00fb \u00eatre report\u00e9e avec cette restauration.<\/p>\n<p>Pour rappel, le quatri\u00e8me num\u00e9ro de l\u2019\u0153uvre de 1957 a \u00e9t\u00e9 achet\u00e9 par le mus\u00e9e Fabre dans le cadre d\u2019une souscription abond\u00e9e par 171 m\u00e9c\u00e8nes, entreprises et particuliers confondus. L\u2019installation de l\u2019\u0153uvre sur l\u2019Esplanade rentre dans la phase de r\u00e9am\u00e9nagement de la place avec l\u2019installation de sculptures et la restauration du kiosque Bosc.<\/p>\n","protected":false},"excerpt":{"rendered":"La sculpture \u00ab\u00a0La Spirale\u00a0\u00bb de Germaine Richier, endommag\u00e9e le 31\u00a0mai lors des c\u00e9l\u00e9brations de la victoire du PSG&hellip;\n","protected":false},"author":2,"featured_media":333892,"comment_status":"","ping_status":"","sticky":false,"template":"","format":"standard","meta":{"footnotes":""},"categories":[9599],"tags":[1111,11,1777,674,1011,27,2208,12,2680,25],"class_list":{"0":"post-333891","1":"post","2":"type-post","3":"status-publish","4":"format-standard","5":"has-post-thumbnail","7":"category-montpellier","8":"tag-actu","9":"tag-actualites","10":"tag-eu","11":"tag-europe","12":"tag-fr","13":"tag-france","14":"tag-montpellier","15":"tag-news","16":"tag-occitanie","17":"tag-republique-francaise"},"share_on_mastodon":{"url":"https:\/\/pubeurope.com\/@fr\/115066790506293476","error":""},"_links":{"self":[{"href":"https:\/\/www.europesays.com\/fr\/wp-json\/wp\/v2\/posts\/333891","targetHints":{"allow":["GET"]}}],"collection":[{"href":"https:\/\/www.europesays.com\/fr\/wp-json\/wp\/v2\/posts"}],"about":[{"href":"https:\/\/www.europesays.com\/fr\/wp-json\/wp\/v2\/types\/post"}],"author":[{"embeddable":true,"href":"https:\/\/www.europesays.com\/fr\/wp-json\/wp\/v2\/users\/2"}],"replies":[{"embeddable":true,"href":"https:\/\/www.europesays.com\/fr\/wp-json\/wp\/v2\/comments?post=333891"}],"version-history":[{"count":0,"href":"https:\/\/www.europesays.com\/fr\/wp-json\/wp\/v2\/posts\/333891\/revisions"}],"wp:featuredmedia":[{"embeddable":true,"href":"https:\/\/www.europesays.com\/fr\/wp-json\/wp\/v2\/media\/333892"}],"wp:attachment":[{"href":"https:\/\/www.europesays.com\/fr\/wp-json\/wp\/v2\/media?parent=333891"}],"wp:term":[{"taxonomy":"category","embeddable":true,"href":"https:\/\/www.europesays.com\/fr\/wp-json\/wp\/v2\/categories?post=333891"},{"taxonomy":"post_tag","embeddable":true,"href":"https:\/\/www.europesays.com\/fr\/wp-json\/wp\/v2\/tags?post=333891"}],"curies":[{"name":"wp","href":"https:\/\/api.w.org\/{rel}","templated":true}]}}