{"id":333893,"date":"2025-08-21T12:37:17","date_gmt":"2025-08-21T12:37:17","guid":{"rendered":"https:\/\/www.europesays.com\/fr\/333893\/"},"modified":"2025-08-21T12:37:17","modified_gmt":"2025-08-21T12:37:17","slug":"une-nouvelle-equipe-sportive-sapprete-a-faire-ses-premiers-pas","status":"publish","type":"post","link":"https:\/\/www.europesays.com\/fr\/333893\/","title":{"rendered":"une nouvelle \u00e9quipe sportive s\u2019appr\u00eate \u00e0 faire ses premiers pas"},"content":{"rendered":"<p>            Par<br \/>\n        <strong><br \/>\n            <a href=\"https:\/\/actu.fr\/auteur\/r-coudert\" title=\"Consulter tous les articles de Rachel Coudert\" rel=\"nofollow noopener\" target=\"_blank\">Rachel Coudert<\/a><br \/>\n        <\/strong><\/p>\n<p>        Publi\u00e9 le<\/p>\n<p>            21 ao\u00fbt 2025 \u00e0 13h31        <\/p>\n<p>C\u2019est une nouvelle page qui s\u2019\u00e9crit au <strong>Stade Montpelli\u00e9rain<\/strong>. Ce club historique de Montpellier lance officiellement une <strong>\u00e9quipe f\u00e9minine de rugby \u00e0 XV<\/strong>, engag\u00e9e en <strong>F\u00e9d\u00e9rale 2<\/strong> d\u00e8s cette <strong>saison 2025\/2026<\/strong>. Et, d\u00e8s ce jeudi 21 ao\u00fbt, le club ouvre ses portes pour <strong>recruter des joueuses de tous les niveaux<\/strong>, des novices aux plus exp\u00e9riment\u00e9es.<\/p>\n<p>Le Stade Montpelli\u00e9rain<\/p>\n<p>Cr\u00e9\u00e9 en 1963 par l\u2019ancienne plume du Midol, Georges Pastr\u00e9, il s\u2019est impos\u00e9 en 2020 comme un club incontournable du rugby amateur d\u2019Occitanie. Et avec cette nouvelle section f\u00e9minine, il entend aujourd\u2019hui faire rayonner Montpellier toujours plus loin.<\/p>\n<p class=\" wall-content\">Les entra\u00eenements ont lieu <strong>trois soirs par semaine<\/strong> au Stade Ga\u00eblle Mignot du quartier Grammont de Montpellier. \u00ab Le rugby est un sport d\u2019engagement et de valeurs, et nous voulons offrir \u00e0 toutes les femmes l\u2019opportunit\u00e9 de le d\u00e9couvrir ou de s\u2019y perfectionner \u00bb, d\u00e9taille ainsi Julien Cacciapaglia, entra\u00eeneur principal de l\u2019\u00e9quipe. \u00ab Peu importe l\u2019exp\u00e9rience, ce qui compte c\u2019est la motivation et l\u2019envie de progresser. \u00bb<\/p>\n<p>    <a href=\"https:\/\/www.google.com\/maps\/embed?pb=!1m18!1m12!1m3!1d2888.646235244117!2d3.9334268265229793!3d43.61390695497076!2m3!1f0!2f0!3f0!3m2!1i1024!2i768!4f13.1!3m3!1m2!1s0x12b6a5004cbe9b21%3A0x1af43ee158a2f357!2sStade%20Ga%C3%ABlle%20Mignot!5e0!3m2!1sfr!2sfr!4v1755769789690!5m2!1sfr!2sfr\" title=\"Ouvrie le lien\" rel=\"nofollow noopener\" target=\"_blank\">Cliquez ici pour visualiser le contenu<\/a><\/p>\n<p>Un projet ambitieux<\/p>\n<p class=\" wall-content\">M\u00eame si l\u2019\u00e9quipe n\u2019en est qu\u2019\u00e0 ses balbutiements, c\u2019est un entra\u00eenement <strong>s\u00e9rieux<\/strong> et <strong>rigoureux<\/strong> qui attend les futures joueuses de l\u2019\u00e9quipe. L\u2019objectif est clair : se faire une place de choix dans le paysage rugbystique r\u00e9gional et ne jamais cesser la progression. \u00ab Nous voulons b\u00e2tir une \u00e9quipe solide sur plusieurs saisons, poser des bases de travail exigeantes mais toujours dans la bonne humeur \u00bb, poursuit l\u2019entra\u00eeneur. Et il est pr\u00eat \u00e0 tout pour les mener le plus loin : \u00ab Mon r\u00f4le est de transmettre les fondamentaux du rugby mais aussi une vraie culture de groupe. C\u2019est cette coh\u00e9sion qui nous permettra d\u2019avancer loin. \u00bb<\/p>\n<p class=\" wall-content\">Avec Julien Cacciapaglia au poste d\u2019entra\u00eeneur principal, deux coachs adjoints et un di\u00e9t\u00e9ticien sp\u00e9cialis\u00e9, l\u2019accompagnement des joueuses se veut complet et adapt\u00e9 pour conqu\u00e9rir les plus hauts sommets du rugby f\u00e9minin.<\/p>\n<p>Vid\u00e9os : en ce moment sur ActuL\u2019\u00e9quipe recrute d\u00e8s maintenant des joueuses de tous les niveaux. Les entra\u00eenements ont lieu les lundis, mercredis et vendredis de 19h30 \u00e0 21h. Des s\u00e9ances d\u2019essai gratuites sont aussi propos\u00e9es pour toutes celles qui souhaitent d\u00e9couvrir le rugby.<br \/>\nContact : <a href=\"https:\/\/actu.fr\/cdn-cgi\/l\/email-protection\" class=\"__cf_email__\" data-cfemail=\"c0b3adf2f0f2f0eea6a5ada9aea9aea5b380a7ada1a9aceea3afad\" rel=\"nofollow noopener\" target=\"_blank\">[email\u00a0protected]<\/a> ou +33 6 52 42 55 23<\/p>\n<p class=\" wall-content\">Personnalisez votre actualit\u00e9 en ajoutant vos villes et m\u00e9dias en favori avec <a href=\"https:\/\/moncompte.actu.fr\" title=\"D\u00e9couvez Mon Actu\" rel=\"nofollow noopener\" data-trk=\"{&quot;cta&quot;:{&quot;action&quot;:&quot;https:\\\/\\\/moncompte.actu.fr&quot;,&quot;category&quot;:&quot;mon compte&quot;,&quot;from&quot;:&quot;article footer&quot;,&quot;name&quot;:&quot;Mon actu&quot;,&quot;type&quot;:&quot;cta&quot;}}\" target=\"_blank\">Mon Actu<\/a>.<\/p>\n","protected":false},"excerpt":{"rendered":"Par Rachel Coudert Publi\u00e9 le 21 ao\u00fbt 2025 \u00e0 13h31 C\u2019est une nouvelle page qui s\u2019\u00e9crit au Stade&hellip;\n","protected":false},"author":2,"featured_media":333894,"comment_status":"","ping_status":"","sticky":false,"template":"","format":"standard","meta":{"footnotes":""},"categories":[9599],"tags":[1111,11,1777,674,1011,27,2208,12,2680,25,479,517,60],"class_list":{"0":"post-333893","1":"post","2":"type-post","3":"status-publish","4":"format-standard","5":"has-post-thumbnail","7":"category-montpellier","8":"tag-actu","9":"tag-actualites","10":"tag-eu","11":"tag-europe","12":"tag-fr","13":"tag-france","14":"tag-montpellier","15":"tag-news","16":"tag-occitanie","17":"tag-republique-francaise","18":"tag-rugby","19":"tag-sport","20":"tag-sports"},"share_on_mastodon":{"url":"https:\/\/pubeurope.com\/@fr\/115066794380280116","error":""},"_links":{"self":[{"href":"https:\/\/www.europesays.com\/fr\/wp-json\/wp\/v2\/posts\/333893","targetHints":{"allow":["GET"]}}],"collection":[{"href":"https:\/\/www.europesays.com\/fr\/wp-json\/wp\/v2\/posts"}],"about":[{"href":"https:\/\/www.europesays.com\/fr\/wp-json\/wp\/v2\/types\/post"}],"author":[{"embeddable":true,"href":"https:\/\/www.europesays.com\/fr\/wp-json\/wp\/v2\/users\/2"}],"replies":[{"embeddable":true,"href":"https:\/\/www.europesays.com\/fr\/wp-json\/wp\/v2\/comments?post=333893"}],"version-history":[{"count":0,"href":"https:\/\/www.europesays.com\/fr\/wp-json\/wp\/v2\/posts\/333893\/revisions"}],"wp:featuredmedia":[{"embeddable":true,"href":"https:\/\/www.europesays.com\/fr\/wp-json\/wp\/v2\/media\/333894"}],"wp:attachment":[{"href":"https:\/\/www.europesays.com\/fr\/wp-json\/wp\/v2\/media?parent=333893"}],"wp:term":[{"taxonomy":"category","embeddable":true,"href":"https:\/\/www.europesays.com\/fr\/wp-json\/wp\/v2\/categories?post=333893"},{"taxonomy":"post_tag","embeddable":true,"href":"https:\/\/www.europesays.com\/fr\/wp-json\/wp\/v2\/tags?post=333893"}],"curies":[{"name":"wp","href":"https:\/\/api.w.org\/{rel}","templated":true}]}}