{"id":333895,"date":"2025-08-21T12:39:15","date_gmt":"2025-08-21T12:39:15","guid":{"rendered":"https:\/\/www.europesays.com\/fr\/333895\/"},"modified":"2025-08-21T12:39:15","modified_gmt":"2025-08-21T12:39:15","slug":"rouen-un-chauffard-alcoolise-se-lance-dans-une-course-poursuite-avec-la-police-apres-un-delit-de-fuite","status":"publish","type":"post","link":"https:\/\/www.europesays.com\/fr\/333895\/","title":{"rendered":"Rouen\u00a0: un chauffard alcoolis\u00e9 se lance dans une course-poursuite avec la police, apr\u00e8s un d\u00e9lit de fuite"},"content":{"rendered":"<p>Mercredi soir, un chauffard de 23 ans, alcoolis\u00e9, a tent\u00e9 de semer la police dans Rouen apr\u00e8s avoir refus\u00e9 de s&rsquo;arr\u00eater lors d&rsquo;un contr\u00f4le. Il s&rsquo;est lanc\u00e9 dans une course-poursuite en voiture, puis \u00e0 pieds avec les forces de l&rsquo;ordre mais a fini par \u00eatre arr\u00eat\u00e9. Il est en garde \u00e0 vue.<\/p>\n<p>Une <strong>course-poursuite<\/strong>\u00a0a eu lieu en plein Rouen ce mercredi 20 ao\u00fbt au soir un peu avant minuit.\u00a0Un <strong>chauffard alcoolis\u00e9<\/strong>, qui a souffl\u00e9 \u00e0 0,74g\/mL d&rsquo;air expir\u00e9, ce qui veut dire qu&rsquo;il avait\u00a0<strong>1,48\u00a0g d\u2019alcool dans le sang,<\/strong> a essay\u00e9 d&rsquo;\u00e9chapper \u00e0 la police apr\u00e8s un <strong>refus d&rsquo;obtemp\u00e9rer<\/strong>. Les forces de l&rsquo;ordre menait des contr\u00f4les dans le secteur de la\u00a0rue Jean-Lecanuet et de la rue Saint-Hilaire et lui ont intim\u00e9 de s&rsquo;arr\u00eater, ce qu&rsquo;il a refus\u00e9. S&rsquo;est alors engag\u00e9e une course-poursuite dans la ville, le\u00a0jeune homme de 23 ans <strong>slalomant entre les voitures<\/strong> rue Saint-Hilaire vers minuit, <strong>grillant au passage un feu rouge<\/strong> et s&rsquo;engageant dans des rues \u00e0 <strong>sens interdit<\/strong>, ainsi que sur des <strong>voies de bus<\/strong>.<\/p>\n<p>Le chauffard est en garde \u00e0 vue<\/p>\n<p>Le conducteur a fini par <strong>percuter une voiture stationn\u00e9e<\/strong>, mais a d\u00e9cid\u00e9 alors de prendre la fuite \u00e0 pieds. Il s&rsquo;est fait rattraper au bout d&rsquo;une centaine de m\u00e8tres par les policiers, qui l&rsquo;ont amen\u00e9 en <strong>garde \u00e0 vue<\/strong>. Sa voiture a \u00e9t\u00e9 plac\u00e9e en fourri\u00e8re, les deux passagers \u00e0 son bord, un homme de 43 ans et un autre de 25 ans ont \u00e9galement \u00e9t\u00e9 test\u00e9s aux produits euphorisant. Le quadrag\u00e9naire \u00e9tait positif \u00e0 l&rsquo;alcool et a \u00e9t\u00e9 interpel\u00e9, contrairement au second jeune homme.<\/p>\n","protected":false},"excerpt":{"rendered":"Mercredi soir, un chauffard de 23 ans, alcoolis\u00e9, a tent\u00e9 de semer la police dans Rouen apr\u00e8s avoir&hellip;\n","protected":false},"author":2,"featured_media":333896,"comment_status":"","ping_status":"","sticky":false,"template":"","format":"standard","meta":{"footnotes":""},"categories":[9587],"tags":[1111,11,1777,674,1011,27,12,5161,25,9590],"class_list":{"0":"post-333895","1":"post","2":"type-post","3":"status-publish","4":"format-standard","5":"has-post-thumbnail","7":"category-rouen","8":"tag-actu","9":"tag-actualites","10":"tag-eu","11":"tag-europe","12":"tag-fr","13":"tag-france","14":"tag-news","15":"tag-normandie","16":"tag-republique-francaise","17":"tag-rouen"},"share_on_mastodon":{"url":"https:\/\/pubeurope.com\/@fr\/115066802235650972","error":""},"_links":{"self":[{"href":"https:\/\/www.europesays.com\/fr\/wp-json\/wp\/v2\/posts\/333895","targetHints":{"allow":["GET"]}}],"collection":[{"href":"https:\/\/www.europesays.com\/fr\/wp-json\/wp\/v2\/posts"}],"about":[{"href":"https:\/\/www.europesays.com\/fr\/wp-json\/wp\/v2\/types\/post"}],"author":[{"embeddable":true,"href":"https:\/\/www.europesays.com\/fr\/wp-json\/wp\/v2\/users\/2"}],"replies":[{"embeddable":true,"href":"https:\/\/www.europesays.com\/fr\/wp-json\/wp\/v2\/comments?post=333895"}],"version-history":[{"count":0,"href":"https:\/\/www.europesays.com\/fr\/wp-json\/wp\/v2\/posts\/333895\/revisions"}],"wp:featuredmedia":[{"embeddable":true,"href":"https:\/\/www.europesays.com\/fr\/wp-json\/wp\/v2\/media\/333896"}],"wp:attachment":[{"href":"https:\/\/www.europesays.com\/fr\/wp-json\/wp\/v2\/media?parent=333895"}],"wp:term":[{"taxonomy":"category","embeddable":true,"href":"https:\/\/www.europesays.com\/fr\/wp-json\/wp\/v2\/categories?post=333895"},{"taxonomy":"post_tag","embeddable":true,"href":"https:\/\/www.europesays.com\/fr\/wp-json\/wp\/v2\/tags?post=333895"}],"curies":[{"name":"wp","href":"https:\/\/api.w.org\/{rel}","templated":true}]}}