{"id":333899,"date":"2025-08-21T12:42:12","date_gmt":"2025-08-21T12:42:12","guid":{"rendered":"https:\/\/www.europesays.com\/fr\/333899\/"},"modified":"2025-08-21T12:42:12","modified_gmt":"2025-08-21T12:42:12","slug":"des-mediateurs-oeuvrent-pour-la-tranquillite-publique-a-grenoble","status":"publish","type":"post","link":"https:\/\/www.europesays.com\/fr\/333899\/","title":{"rendered":"Des m\u00e9diateurs \u0153uvrent pour la tranquillit\u00e9 publique \u00e0 Grenoble"},"content":{"rendered":"<p>Cette ann\u00e9e, les m\u00e9diateurs sont embauch\u00e9s directement par la Ville de Grenoble qui veut p\u00e9renniser cette d\u00e9marche, budg\u00e9t\u00e9e \u00e0 143\u00a0000\u00a0euros, pour cinq mois de pr\u00e9sence sur le terrain.<\/p>\n<p>&gt;Maillot vert, casquette assortie, floqu\u00e9s \u00ab\u00a0m\u00e9diation sociale\u00a0\u00bb et \u00ab\u00a0Ville de Grenoble\u00a0\u00bb. Six m\u00e9diateurs arpentent les parcs grenoblois depuis deux mois, \u00e9paul\u00e9s par un coordinateur. Ils ont pour mission de dialoguer avec les habitants, d\u00e9samorcer les conflits. \u00ab\u00a0On manquait d\u2019humains pour r\u00e9guler les m\u00e9susages\u00a0\u00bb, explique Norbert Cariou, directeur de la pr\u00e9vention et de la gestion des risques de la Ville. Par bin\u00f4me, les m\u00e9diateurs sociaux ont un secteur attribu\u00e9, fixe, ce qui leur permet d\u2019\u00eatre identifi\u00e9s, reconnus. \u00ab\u00a0Leur pr\u00e9sence fait diminuer la tension\u00a0\u00bb, estime Maud Tavel, adjointe \u00e0 la tranquillit\u00e9 publique.<\/p>\n<p>Une formation d\u2019un mois<\/p>\n<p>Les m\u00e9diateurs sensibilisent les habitants qui consomment de l\u2019alcool dans l\u2019espace public, \u00e9coutent de la musique trop fort dans les parcs. Ils ont d\u00e9j\u00e0 pass\u00e9 plus de 650\u00a0heures dehors. D\u2019ailleurs, c\u2019est ce qui a attir\u00e9 Lorianne\u00a0: \u00ab\u00a0Je travaillais dans le social, je voulais \u00eatre sur le terrain.\u00a0\u00bb Florian, lui, appr\u00e9cie \u00ab\u00a0travailler avec diff\u00e9rents publics\u00a0\u00bb. La Ville avait install\u00e9 la m\u00e9diation sociale en 2022, uniquement \u00e0 la piscine Jean-Bron. Elle l\u2019a ensuite \u00e9tendue aux parcs et jardins en\u00a02023 et\u00a02024, en faisant appel \u00e0 un prestataire externe. Cette ann\u00e9e, les m\u00e9diateurs sont directement recrut\u00e9s par la Ville, qui a re\u00e7u une quarantaine de candidatures. \u00ab\u00a0Nous sommes ma\u00eetres de notre recrutement et de la formation. C\u2019est \u00e7a qui pouvait p\u00e9cher tr\u00e8s rapidement\u00a0\u00bb, assure Norbert Cariou. Ainsi, les m\u00e9diateurs ont \u00e9t\u00e9 form\u00e9s pendant un mois, avec France M\u00e9diation, pour apprendre la d\u00e9ontologie, la posture \u00e0 avoir, conna\u00eetre les partenaires\u2026 Ils ont aussi eu des conseils pour r\u00e9agir en cas de diff\u00e9rends. Pour l\u2019instant, la gestion des conflits repr\u00e9sente 10\u00a0% des interventions. \u00ab\u00a0Il y a une certaine intensit\u00e9, admet Mathias Roussel, coordinateur. Il faut g\u00e9rer ses \u00e9motions de mani\u00e8re sereine.\u00a0\u00bb Il n\u2019y a pas eu de violence sur les m\u00e9diateurs, rassure le service, et ils n\u2019ont pas eu besoin d\u2019appeler les forces de l\u2019ordre. Car c\u2019est bien l\u2019un des points centraux de ce dispositif\u00a0: les m\u00e9diateurs n\u2019ont pas de pouvoir coercitif.<\/p>\n<p>Compl\u00e9mentaires de la police<\/p>\n<p>\u00ab\u00a0Une des limites de la m\u00e9ditation, c\u2019est que les gens ne sont pas oblig\u00e9s de nous parler\u00a0\u00bb, souligne Mathias Roussel. Les policiers municipaux sont alors \u00ab\u00a0compl\u00e9mentaires\u00a0\u00bb, affirme Maud Tavel\u00a0: \u00ab\u00a0Ils n\u2019ont pas le m\u00eame r\u00f4le. (Avec 114\u00a0policiers municipaux \u00e0 Grenoble, NDLR) Nous consid\u00e9rons que l\u2019effectif est adapt\u00e9 \u00e0 la ville. \u00bb Les m\u00e9diateurs n\u2019ont pas pour mission, par exemple, d\u2019aller au contact des points de deal. Si, cet \u00e9t\u00e9, les agents sont surtout dans les parcs, de 16 h 30 \u00e0 23 h 30, \u00e0 la rentr\u00e9e, ils seront davantage \u00e0 la sortie des \u00e9tablissements scolaires. Ils seront pr\u00e9sents \u00e0 Grenoble jusqu\u2019au 15 novembre. Ce dispositif co\u00fbte 143 000 euros \u00e0 la Ville.<\/p>\n","protected":false},"excerpt":{"rendered":"Cette ann\u00e9e, les m\u00e9diateurs sont embauch\u00e9s directement par la Ville de Grenoble qui veut p\u00e9renniser cette d\u00e9marche, budg\u00e9t\u00e9e&hellip;\n","protected":false},"author":2,"featured_media":333900,"comment_status":"","ping_status":"","sticky":false,"template":"","format":"standard","meta":{"footnotes":""},"categories":[9566],"tags":[1111,11,2430,1777,674,1011,27,2731,12,25],"class_list":{"0":"post-333899","1":"post","2":"type-post","3":"status-publish","4":"format-standard","5":"has-post-thumbnail","7":"category-grenoble","8":"tag-actu","9":"tag-actualites","10":"tag-auvergne-rhone-alpes","11":"tag-eu","12":"tag-europe","13":"tag-fr","14":"tag-france","15":"tag-grenoble","16":"tag-news","17":"tag-republique-francaise"},"share_on_mastodon":{"url":"https:\/\/pubeurope.com\/@fr\/115066814042185459","error":""},"_links":{"self":[{"href":"https:\/\/www.europesays.com\/fr\/wp-json\/wp\/v2\/posts\/333899","targetHints":{"allow":["GET"]}}],"collection":[{"href":"https:\/\/www.europesays.com\/fr\/wp-json\/wp\/v2\/posts"}],"about":[{"href":"https:\/\/www.europesays.com\/fr\/wp-json\/wp\/v2\/types\/post"}],"author":[{"embeddable":true,"href":"https:\/\/www.europesays.com\/fr\/wp-json\/wp\/v2\/users\/2"}],"replies":[{"embeddable":true,"href":"https:\/\/www.europesays.com\/fr\/wp-json\/wp\/v2\/comments?post=333899"}],"version-history":[{"count":0,"href":"https:\/\/www.europesays.com\/fr\/wp-json\/wp\/v2\/posts\/333899\/revisions"}],"wp:featuredmedia":[{"embeddable":true,"href":"https:\/\/www.europesays.com\/fr\/wp-json\/wp\/v2\/media\/333900"}],"wp:attachment":[{"href":"https:\/\/www.europesays.com\/fr\/wp-json\/wp\/v2\/media?parent=333899"}],"wp:term":[{"taxonomy":"category","embeddable":true,"href":"https:\/\/www.europesays.com\/fr\/wp-json\/wp\/v2\/categories?post=333899"},{"taxonomy":"post_tag","embeddable":true,"href":"https:\/\/www.europesays.com\/fr\/wp-json\/wp\/v2\/tags?post=333899"}],"curies":[{"name":"wp","href":"https:\/\/api.w.org\/{rel}","templated":true}]}}