{"id":333902,"date":"2025-08-21T12:44:14","date_gmt":"2025-08-21T12:44:14","guid":{"rendered":"https:\/\/www.europesays.com\/fr\/333902\/"},"modified":"2025-08-21T12:44:14","modified_gmt":"2025-08-21T12:44:14","slug":"batman-contre-la-bretagne-quand-une-jeune-entreprise-de-rennes-se-retrouve-dans-le-viseur-dun-geant-americain","status":"publish","type":"post","link":"https:\/\/www.europesays.com\/fr\/333902\/","title":{"rendered":"Batman contre la Bretagne\u00a0: quand une jeune entreprise de Rennes se retrouve dans le viseur d\u2019un g\u00e9ant am\u00e9ricain"},"content":{"rendered":"<p>Batman a l\u2019\u0153il sur tout. Aussi bien sur Gotham City, la ville (fictive) o\u00f9 il traque voyous et malfrats \u00e0 longueur de pages de bande dessin\u00e9e et de films, que sur\u2026 la Bretagne. Ici, pas de lutte contre le crime au programme pour l\u2019homme chauve-souris, mais la d\u00e9fense de ses int\u00e9r\u00eats face aux projets d\u2019une jeune entreprise de technologie rennaise, qui ne s\u2019y attendait pas vraiment.<\/p>\n<p>Comme l\u2019ont r\u00e9cemment racont\u00e9 nos confr\u00e8res du m\u00e9dia en ligne <a href=\"https:\/\/www.linforme.com\/medias-culture\/article\/batman-se-casse-les-dents-sur-une-start-up-bretonne_3114.html\" target=\"_blank\" rel=\"noopener\">L\u2019Inform\u00e9<\/a>, Batcapt a vu le jour courant 2024 \u00e0 Rennes. Aux manettes\u00a0: Vincent Recipon, ancien ing\u00e9nieur du groupe d\u2019\u00e9lectronique Lacroix, et son acolyte Romain Berrada. Le premier \u00ab\u00a0travaille \u00e0 plein temps sur le projet depuis une petite ann\u00e9e\u00a0\u00bb, nous indique-t-il, et le second depuis mai dernier. Ensemble, ils se sont lanc\u00e9s dans le d\u00e9veloppement d\u2019un objet connect\u00e9 permettant de diagnostiquer l\u2019\u00e9tat des batteries des v\u00e9hicules \u00e9lectriques, de v\u00e9rifier leur niveau de s\u00e9curit\u00e9 et de pr\u00e9venir leur d\u00e9gradation lorsqu\u2019elles sont stock\u00e9es dans des entrep\u00f4ts ou chez des garagistes.<\/p>\n<p>Marque ultralucrative<\/p>\n<p>Pour pouvoir avancer, Batcapt d\u00e9pose son nom de marque aupr\u00e8s de l\u2019Institut national de la propri\u00e9t\u00e9 industrielle (Inpi) en ao\u00fbt 2024 (l\u2019entreprise a \u00e9t\u00e9 formellement cr\u00e9\u00e9e en juin 2025). Et c\u2019est l\u00e0 que les ennuis commencent avec l\u2019am\u00e9ricain DC Comics. \u00c0 l\u2019automne 2024, la puissante maison d\u2019\u00e9dition de Batman d\u00e9pose un recours aupr\u00e8s de l\u2019Inpi contre Batcapt, estimant que ce nom se rapproche un peu trop de Batman, marque ultralucrative dont elle d\u00e9tient les droits.<\/p>\n<p>La filiale du groupe Warner Bros \u00ab\u00a0tique\u00a0\u00bb aussi sur un autre point. \u00ab\u00a0Dans notre dossier, nous avions \u00e9t\u00e9 assez larges sur les sujets pouvant \u00eatre couverts par Batcapt, explique Vincent Recipon. Nous avions notamment \u00e9voqu\u00e9 la formation, ce qui, \u00e0 l\u2019Inpi, inclut la production audiovisuelle. Et \u00e7a, \u00e7a les g\u00eanait.\u00a0\u00bb Autre grief\u00a0: le logo utilis\u00e9 du projet Batcapt, \u00ab\u00a0inspir\u00e9 des superh\u00e9ros\u00a0\u00bb.<\/p>\n<p>\u00ab\u00a0Tout est r\u00e9gl\u00e9\u00a0\u00bb<\/p>\n<p>Apr\u00e8s discussions, Batcapt et DC Comics arrivent \u00e0 s\u2019entendre. Le logo, par exemple, est chang\u00e9 sur l\u2019ensemble des supports de l\u2019entreprise bretonne. Le recours \u00e0 l\u2019Inpi par DC Comics est donc d\u00e9clar\u00e9 irrecevable en janvier 2025. \u00ab\u00a0Tout est donc r\u00e9gl\u00e9 d\u00e9sormais\u00a0\u00bb, se f\u00e9licite Vincent Recipon. Batcapt peut ainsi se consacrer \u00e0 100\u00a0% \u00e0 son objectif\u00a0: d\u00e9velopper son outil connect\u00e9, pens\u00e9 pour fournir des informations encore peu accessibles mais n\u00e9cessaires pour stocker et transporter des batteries.<\/p>\n<p>En phase de test, le produit doit faire l\u2019objet d\u2019une exp\u00e9rimentation, en septembre, avec un constructeur automobile non identifi\u00e9. D\u2019autres discussions sont en cours. \u00ab\u00a0Nous pensons pouvoir produire des petites s\u00e9ries en 2026 puis des plus grandes en 2027\u00a0\u00bb, annonce Vincent Recipon. Une lev\u00e9e de fonds devrait accompagner le d\u00e9veloppement de la petite entreprise. Si Batman le veut bien.<\/p>\n","protected":false},"excerpt":{"rendered":"Batman a l\u2019\u0153il sur tout. Aussi bien sur Gotham City, la ville (fictive) o\u00f9 il traque voyous et&hellip;\n","protected":false},"author":2,"featured_media":333903,"comment_status":"","ping_status":"","sticky":false,"template":"","format":"standard","meta":{"footnotes":""},"categories":[2821],"tags":[1111,11,829,1777,674,1011,27,848,4555,12,584,25],"class_list":{"0":"post-333902","1":"post","2":"type-post","3":"status-publish","4":"format-standard","5":"has-post-thumbnail","7":"category-rennes","8":"tag-actu","9":"tag-actualites","10":"tag-bretagne","11":"tag-eu","12":"tag-europe","13":"tag-fr","14":"tag-france","15":"tag-ille-et-vilaine","16":"tag-local","17":"tag-news","18":"tag-rennes","19":"tag-republique-francaise"},"share_on_mastodon":{"url":"https:\/\/pubeurope.com\/@fr\/115066821857473316","error":""},"_links":{"self":[{"href":"https:\/\/www.europesays.com\/fr\/wp-json\/wp\/v2\/posts\/333902","targetHints":{"allow":["GET"]}}],"collection":[{"href":"https:\/\/www.europesays.com\/fr\/wp-json\/wp\/v2\/posts"}],"about":[{"href":"https:\/\/www.europesays.com\/fr\/wp-json\/wp\/v2\/types\/post"}],"author":[{"embeddable":true,"href":"https:\/\/www.europesays.com\/fr\/wp-json\/wp\/v2\/users\/2"}],"replies":[{"embeddable":true,"href":"https:\/\/www.europesays.com\/fr\/wp-json\/wp\/v2\/comments?post=333902"}],"version-history":[{"count":0,"href":"https:\/\/www.europesays.com\/fr\/wp-json\/wp\/v2\/posts\/333902\/revisions"}],"wp:featuredmedia":[{"embeddable":true,"href":"https:\/\/www.europesays.com\/fr\/wp-json\/wp\/v2\/media\/333903"}],"wp:attachment":[{"href":"https:\/\/www.europesays.com\/fr\/wp-json\/wp\/v2\/media?parent=333902"}],"wp:term":[{"taxonomy":"category","embeddable":true,"href":"https:\/\/www.europesays.com\/fr\/wp-json\/wp\/v2\/categories?post=333902"},{"taxonomy":"post_tag","embeddable":true,"href":"https:\/\/www.europesays.com\/fr\/wp-json\/wp\/v2\/tags?post=333902"}],"curies":[{"name":"wp","href":"https:\/\/api.w.org\/{rel}","templated":true}]}}