{"id":333904,"date":"2025-08-21T12:47:43","date_gmt":"2025-08-21T12:47:43","guid":{"rendered":"https:\/\/www.europesays.com\/fr\/333904\/"},"modified":"2025-08-21T12:47:43","modified_gmt":"2025-08-21T12:47:43","slug":"rennes-ouverte-au-monde-rennes-ville-et-metropole","status":"publish","type":"post","link":"https:\/\/www.europesays.com\/fr\/333904\/","title":{"rendered":"Rennes, ouverte au monde | Rennes Ville et M\u00e9tropole"},"content":{"rendered":"<p>\u00c0 l\u2019\u00e9coute des changements sociaux et soci\u00e9taux, Rennes partage engagements et bonnes pratiques avec d\u2019autres villes et territoires, y compris \u00e0 l\u2019international.<\/p>\n<p>Rennes est engag\u00e9e dans des partenariats avec <b>quinze collectivit\u00e9s<\/b> en Europe, Asie, Am\u00e9riques et Afrique. Avec elles, elle exp\u00e9rimente des solutions locales \u00e0 l\u2019\u00e9chelle des villes, qu\u2019il s&rsquo;agisse du climat et de l\u2019environnement, des d\u00e9fis \u00e9conomiques, sociaux ou culturels.<\/p>\n","protected":false},"excerpt":{"rendered":"\u00c0 l\u2019\u00e9coute des changements sociaux et soci\u00e9taux, Rennes partage engagements et bonnes pratiques avec d\u2019autres villes et territoires,&hellip;\n","protected":false},"author":2,"featured_media":333905,"comment_status":"","ping_status":"","sticky":false,"template":"","format":"standard","meta":{"footnotes":""},"categories":[2821],"tags":[1111,11,829,1777,674,1011,27,12,584,25],"class_list":{"0":"post-333904","1":"post","2":"type-post","3":"status-publish","4":"format-standard","5":"has-post-thumbnail","7":"category-rennes","8":"tag-actu","9":"tag-actualites","10":"tag-bretagne","11":"tag-eu","12":"tag-europe","13":"tag-fr","14":"tag-france","15":"tag-news","16":"tag-rennes","17":"tag-republique-francaise"},"share_on_mastodon":{"url":"https:\/\/pubeurope.com\/@fr\/115066833825532448","error":""},"_links":{"self":[{"href":"https:\/\/www.europesays.com\/fr\/wp-json\/wp\/v2\/posts\/333904","targetHints":{"allow":["GET"]}}],"collection":[{"href":"https:\/\/www.europesays.com\/fr\/wp-json\/wp\/v2\/posts"}],"about":[{"href":"https:\/\/www.europesays.com\/fr\/wp-json\/wp\/v2\/types\/post"}],"author":[{"embeddable":true,"href":"https:\/\/www.europesays.com\/fr\/wp-json\/wp\/v2\/users\/2"}],"replies":[{"embeddable":true,"href":"https:\/\/www.europesays.com\/fr\/wp-json\/wp\/v2\/comments?post=333904"}],"version-history":[{"count":0,"href":"https:\/\/www.europesays.com\/fr\/wp-json\/wp\/v2\/posts\/333904\/revisions"}],"wp:featuredmedia":[{"embeddable":true,"href":"https:\/\/www.europesays.com\/fr\/wp-json\/wp\/v2\/media\/333905"}],"wp:attachment":[{"href":"https:\/\/www.europesays.com\/fr\/wp-json\/wp\/v2\/media?parent=333904"}],"wp:term":[{"taxonomy":"category","embeddable":true,"href":"https:\/\/www.europesays.com\/fr\/wp-json\/wp\/v2\/categories?post=333904"},{"taxonomy":"post_tag","embeddable":true,"href":"https:\/\/www.europesays.com\/fr\/wp-json\/wp\/v2\/tags?post=333904"}],"curies":[{"name":"wp","href":"https:\/\/api.w.org\/{rel}","templated":true}]}}