{"id":333910,"date":"2025-08-21T12:50:11","date_gmt":"2025-08-21T12:50:11","guid":{"rendered":"https:\/\/www.europesays.com\/fr\/333910\/"},"modified":"2025-08-21T12:50:11","modified_gmt":"2025-08-21T12:50:11","slug":"deux-coups-de-feu-tires-dans-le-quartier-des-moulins-a-nice-aucun-blesse-a-signaler","status":"publish","type":"post","link":"https:\/\/www.europesays.com\/fr\/333910\/","title":{"rendered":"Deux coups de feu tir\u00e9s dans le quartier des Moulins \u00e0 Nice, aucun bless\u00e9 \u00e0 signaler"},"content":{"rendered":"<p>Deux coups de feu ont \u00e9t\u00e9 entendus au sein du quartier des Moulins, \u00e0 Nice, dans la matin\u00e9e de ce jeudi 21 ao\u00fbt. Aucun bless\u00e9 n&rsquo;est \u00e0 d\u00e9plorer.<\/p>\n<p>C&rsquo;est une tr\u00e8s mauvaise habitude pour les habitants des Moulins, \u00e0 Nice. Deux coups de feu y ont \u00e9t\u00e9 entendus ce jeudi 21 ao\u00fbt, a appris BFM Nice C\u00f4te d&rsquo;Azur.<\/p>\n<p>Les faits se sont produits dans la matin\u00e9e. La police s&rsquo;est rendue sur place et a retrouv\u00e9 deux douilles. Aucun bless\u00e9 n&rsquo;est \u00e0 signaler et aucune personne n&rsquo;a \u00e9t\u00e9 interpell\u00e9e.<\/p>\n<p>Un jeune homme bless\u00e9 par balles le 12 ao\u00fbt<\/p>\n<p>Le quartier des Moulins a \u00e9t\u00e9 le th\u00e9\u00e2tre de nombreux affrontements violents, parfois arm\u00e9s, au cours de l&rsquo;ann\u00e9e 2024, sur fond de trafic de stup\u00e9fiants. Apr\u00e8s la mise en place d&rsquo;une op\u00e9ration \u00ab\u00a0place nette XXL\u00a0\u00bb au mois de mai, des agents de s\u00e9curit\u00e9 priv\u00e9s avaient \u00e9t\u00e9 d\u00e9ploy\u00e9s dans le quartier pour contribuer au maintien de l&rsquo;ordre.<\/p>\n<p>Le 12 ao\u00fbt dernier, un <a href=\"https:\/\/www.bfmtv.com\/cote-d-azur\/un-jeune-homme-de-18-ans-blesse-par-balles-lors-d-une-fusillade-au-quartier-des-moulins-a-nice_AN-202508130206.html\" title=\"Un jeune homme de 18 ans bless\u00e9 par balles lors d&#039;une fusillade au quartier des Moulins \u00e0 Nice\" class=\"internal_link\" rel=\"nofollow noopener\" target=\"_blank\">jeune homme de 18 ans a \u00e9t\u00e9 bless\u00e9 par balles<\/a> au cours d&rsquo;une fusillade nocturne, apr\u00e8s deux journ\u00e9es de violences qui avaient n\u00e9cessit\u00e9 l&rsquo;intervention des policiers dans le quartier.<\/p>\n<p>Manon Aversa avec Mathias Fleury<\/p>\n","protected":false},"excerpt":{"rendered":"Deux coups de feu ont \u00e9t\u00e9 entendus au sein du quartier des Moulins, \u00e0 Nice, dans la matin\u00e9e&hellip;\n","protected":false},"author":2,"featured_media":165496,"comment_status":"","ping_status":"","sticky":false,"template":"","format":"standard","meta":{"footnotes":""},"categories":[2819],"tags":[1111,11,1777,674,1011,27,12,2401,882,25],"class_list":{"0":"post-333910","1":"post","2":"type-post","3":"status-publish","4":"format-standard","5":"has-post-thumbnail","7":"category-nice","8":"tag-actu","9":"tag-actualites","10":"tag-eu","11":"tag-europe","12":"tag-fr","13":"tag-france","14":"tag-news","15":"tag-nice","16":"tag-provence-alpes-cote-dazur","17":"tag-republique-francaise"},"share_on_mastodon":{"url":"https:\/\/pubeurope.com\/@fr\/115066845581590406","error":""},"_links":{"self":[{"href":"https:\/\/www.europesays.com\/fr\/wp-json\/wp\/v2\/posts\/333910","targetHints":{"allow":["GET"]}}],"collection":[{"href":"https:\/\/www.europesays.com\/fr\/wp-json\/wp\/v2\/posts"}],"about":[{"href":"https:\/\/www.europesays.com\/fr\/wp-json\/wp\/v2\/types\/post"}],"author":[{"embeddable":true,"href":"https:\/\/www.europesays.com\/fr\/wp-json\/wp\/v2\/users\/2"}],"replies":[{"embeddable":true,"href":"https:\/\/www.europesays.com\/fr\/wp-json\/wp\/v2\/comments?post=333910"}],"version-history":[{"count":0,"href":"https:\/\/www.europesays.com\/fr\/wp-json\/wp\/v2\/posts\/333910\/revisions"}],"wp:featuredmedia":[{"embeddable":true,"href":"https:\/\/www.europesays.com\/fr\/wp-json\/wp\/v2\/media\/165496"}],"wp:attachment":[{"href":"https:\/\/www.europesays.com\/fr\/wp-json\/wp\/v2\/media?parent=333910"}],"wp:term":[{"taxonomy":"category","embeddable":true,"href":"https:\/\/www.europesays.com\/fr\/wp-json\/wp\/v2\/categories?post=333910"},{"taxonomy":"post_tag","embeddable":true,"href":"https:\/\/www.europesays.com\/fr\/wp-json\/wp\/v2\/tags?post=333910"}],"curies":[{"name":"wp","href":"https:\/\/api.w.org\/{rel}","templated":true}]}}