{"id":333911,"date":"2025-08-21T12:51:17","date_gmt":"2025-08-21T12:51:17","guid":{"rendered":"https:\/\/www.europesays.com\/fr\/333911\/"},"modified":"2025-08-21T12:51:17","modified_gmt":"2025-08-21T12:51:17","slug":"franck-haise-confirme-les-envies-dailleurs-de-jonathan-clauss","status":"publish","type":"post","link":"https:\/\/www.europesays.com\/fr\/333911\/","title":{"rendered":"Franck Haise confirme les envies d\u2019ailleurs de Jonathan Clauss"},"content":{"rendered":"<p>Le d\u00e9part de <a href=\"https:\/\/www.footmercato.net\/club\/ogc-nice\/\" rel=\"nofollow noopener\" target=\"_blank\">Nice<\/a> se fait sentir pour <a href=\"https:\/\/www.footmercato.net\/joueur\/jonathan-clauss\/\" rel=\"nofollow noopener\" target=\"_blank\">Jonathan Clauss<\/a>. Nous vous le r\u00e9v\u00e9lions ces derni\u00e8res heures, <a href=\"https:\/\/www.footmercato.net\/a4825228429015045169-nice-le-bayer-leverkusen-veut-jonathan-clauss\" rel=\"nofollow noopener\" target=\"_blank\">le Bayer Leverkusen est entr\u00e9 en discussions avec le lat\u00e9ral droit de 32 ans<\/a>. Nous sommes m\u00eame en mesure de vous affirmer qu\u2019<a href=\"https:\/\/www.footmercato.net\/a1415199641027067448-le-bayer-proche-dun-accord-pour-jonathan-clauss\" rel=\"nofollow noopener\" target=\"_blank\">un accord contractuel est tout proche entre le club allemand et l\u2019ancien Marseillais<\/a>. Il faudra encore trouver un terrain d\u2019entente avec le Gym mais il se pourrait bien que <a href=\"https:\/\/www.footmercato.net\/entraineur\/franck-haise\" rel=\"nofollow noopener\" target=\"_blank\">Franck Haise<\/a> ne puisse plus utiliser son joueur. L\u2019entra\u00eeneur des Aiglons a confirm\u00e9 en conf\u00e9rence de presse qu\u2019un d\u00e9part \u00e9tait \u00e0 l\u2019\u00e9tude.<\/p>\n<p>            La suite apr\u00e8s cette publicit\u00e9<\/p>\n<p>\u00abIl a une volont\u00e9 de partir parce qu\u2019il y a une belle offre d\u2019un gros club, pr\u00e9cise Haise. \u00c7a peut s\u2019entendre. \u00c7a fait quelques semaines d\u00e9j\u00e0, \u00e7a explique aussi certaines de ses performances r\u00e9centes. Le club a la volont\u00e9 de le conserver, s\u2019il doit y avoir un d\u00e9part, ce sera dans des conditions qui respecteront les trois parties. On veut le garder, il le sait. Retenir un joueur qui n\u2019a pas envie de rester, c\u2019est particulier. Il sera peut-\u00eatre l\u00e0 le 2 septembre, on ne sait pas. On verra.\u00bb Clauss ne sera sans doute pas disponible pour affronter Auxerre samedi soir. <\/p>\n<p>\n    Pub. le 21\/08\/2025 14:44<br \/>\n            &#8211; MAJ le 21\/08\/2025 14:45\n    <\/p>\n","protected":false},"excerpt":{"rendered":"Le d\u00e9part de Nice se fait sentir pour Jonathan Clauss. Nous vous le r\u00e9v\u00e9lions ces derni\u00e8res heures, le&hellip;\n","protected":false},"author":2,"featured_media":7061,"comment_status":"","ping_status":"","sticky":false,"template":"","format":"standard","meta":{"footnotes":""},"categories":[2819],"tags":[1111,11,1777,674,1011,27,12,2401,882,25],"class_list":{"0":"post-333911","1":"post","2":"type-post","3":"status-publish","4":"format-standard","5":"has-post-thumbnail","7":"category-nice","8":"tag-actu","9":"tag-actualites","10":"tag-eu","11":"tag-europe","12":"tag-fr","13":"tag-france","14":"tag-news","15":"tag-nice","16":"tag-provence-alpes-cote-dazur","17":"tag-republique-francaise"},"share_on_mastodon":{"url":"https:\/\/pubeurope.com\/@fr\/115066849374209785","error":""},"_links":{"self":[{"href":"https:\/\/www.europesays.com\/fr\/wp-json\/wp\/v2\/posts\/333911","targetHints":{"allow":["GET"]}}],"collection":[{"href":"https:\/\/www.europesays.com\/fr\/wp-json\/wp\/v2\/posts"}],"about":[{"href":"https:\/\/www.europesays.com\/fr\/wp-json\/wp\/v2\/types\/post"}],"author":[{"embeddable":true,"href":"https:\/\/www.europesays.com\/fr\/wp-json\/wp\/v2\/users\/2"}],"replies":[{"embeddable":true,"href":"https:\/\/www.europesays.com\/fr\/wp-json\/wp\/v2\/comments?post=333911"}],"version-history":[{"count":0,"href":"https:\/\/www.europesays.com\/fr\/wp-json\/wp\/v2\/posts\/333911\/revisions"}],"wp:featuredmedia":[{"embeddable":true,"href":"https:\/\/www.europesays.com\/fr\/wp-json\/wp\/v2\/media\/7061"}],"wp:attachment":[{"href":"https:\/\/www.europesays.com\/fr\/wp-json\/wp\/v2\/media?parent=333911"}],"wp:term":[{"taxonomy":"category","embeddable":true,"href":"https:\/\/www.europesays.com\/fr\/wp-json\/wp\/v2\/categories?post=333911"},{"taxonomy":"post_tag","embeddable":true,"href":"https:\/\/www.europesays.com\/fr\/wp-json\/wp\/v2\/tags?post=333911"}],"curies":[{"name":"wp","href":"https:\/\/api.w.org\/{rel}","templated":true}]}}