{"id":333912,"date":"2025-08-21T12:54:20","date_gmt":"2025-08-21T12:54:20","guid":{"rendered":"https:\/\/www.europesays.com\/fr\/333912\/"},"modified":"2025-08-21T12:54:20","modified_gmt":"2025-08-21T12:54:20","slug":"la-bataille-dune-retraitee-pour-recuperer-son-logement-squatte-par-une-famille-guineenne","status":"publish","type":"post","link":"https:\/\/www.europesays.com\/fr\/333912\/","title":{"rendered":"la bataille d&rsquo;une retrait\u00e9e pour r\u00e9cup\u00e9rer son logement squatt\u00e9 par une famille guin\u00e9enne"},"content":{"rendered":"<p>\u00ab\u00a0Je ne souhaite \u00e0 personne de vivre \u00e7a.\u00a0\u00bb Apr\u00e8s deux ans de proc\u00e9dures intempestives, une propri\u00e9taire de 79\u00a0ans a enfin r\u00e9cup\u00e9r\u00e9 son appartement squatt\u00e9 par une famille guin\u00e9enne, \u00e0 <a href=\"https:\/\/www.lejdd.fr\/sport\/exclusif-crise-du-foot-francais-mercato-psg-les-verites-de-waldemar-kita-president-du-fc-nantes-161060\" target=\"_blank\" rel=\"nofollow noopener\">Nantes<\/a>, rapporte <a href=\"https:\/\/www.lefigaro.fr\/nantes\/je-ne-souhaite-a-personne-de-le-vivre-a-nantes-une-proprietaire-de-79-ans-retrouve-son-appartement-apres-deux-ans-de-squat-20250821\" target=\"_blank\" rel=\"nofollow noopener\">Le Figaro<\/a>. En 2023, confront\u00e9e \u00e0 un probl\u00e8me de sant\u00e9, elle avait d\u00fb interrompre temporairement la location du bien h\u00e9rit\u00e9 de son p\u00e8re, qui compl\u00e9tait sa modeste retraite. C\u2019est \u00e0 ce moment qu\u2019un couple guin\u00e9en et leurs deux enfants ont investi le logement vacant.<\/p>\n<p>Il y a quelques semaines, la pr\u00e9fecture de Loire-Atlantique a pr\u00e9venu la propri\u00e9taire qu\u2019elle allait pouvoir r\u00e9cup\u00e9rer son logement. Gr\u00e2ce \u00e0 une m\u00e9diation, les occupants illicites du logement ont quitt\u00e9 les lieux le 29\u00a0juillet. Ils sont d\u00e9sormais temporairement h\u00e9berg\u00e9s dans un h\u00f4tel.<\/p>\n<p>    La suite apr\u00e8s cette publicit\u00e9<\/p>\n<p>Le logement \u00ab\u00a0\u00e9tait tr\u00e8s d\u00e9grad\u00e9\u00a0\u00bb<\/p>\n<p>Le soulagement a rapidement laiss\u00e9 place \u00e0 l\u2019inqui\u00e9tude. Le logement \u00ab\u00a0n\u2019\u00e9tait pas tagu\u00e9 ou cass\u00e9, mais c\u2019\u00e9tait tr\u00e8s d\u00e9grad\u00e9, il y avait beaucoup de d\u00e9chets\u00a0\u00bb, glisse la fille de la propri\u00e9taire au journal. Le pr\u00e9judice est estim\u00e9 \u00e0 au moins 6\u00a0000\u00a0euros\u00a0: changer les serrures, revoir l\u2019installation \u00e9lectrique, repeindre les murs\u2026<\/p>\n<p>    La suite apr\u00e8s cette publicit\u00e9<\/p>\n<p>Lorsqu\u2019elle a constat\u00e9 les d\u00e9g\u00e2ts en pr\u00e9sence d\u2019un commissaire de justice, elle a crois\u00e9 les occupants qui n\u2019avaient pas encore termin\u00e9 de d\u00e9m\u00e9nager\u00a0: \u00ab\u00a0Se retrouver confront\u00e9e \u00e0 une famille en difficult\u00e9 et en m\u00eame temps \u00eatre dans son droit\u2026 C\u2019est difficile pour tout le monde\u00a0: pour les occupants, pour la propri\u00e9taire, pour les voisins, pour la pr\u00e9fecture, pour l\u2019ambiance dans le quartier\u00a0\u00bb.<\/p>\n<p>    La suite apr\u00e8s cette publicit\u00e9<\/p>\n<p>    La suite apr\u00e8s cette publicit\u00e9<\/p>\n<p>L\u2019association Gasprom-Asti, qui travaille aux c\u00f4t\u00e9s des migrants, a \u00e9t\u00e9 mentionn\u00e9e comme soutien des squatteurs. Si elle se d\u00e9fend d\u2019avoir organis\u00e9 une occupation illicite, elle a reconnu avoir soutenu la famille dans diverses d\u00e9marches administratives.<\/p>\n","protected":false},"excerpt":{"rendered":"\u00ab\u00a0Je ne souhaite \u00e0 personne de vivre \u00e7a.\u00a0\u00bb Apr\u00e8s deux ans de proc\u00e9dures intempestives, une propri\u00e9taire de 79\u00a0ans&hellip;\n","protected":false},"author":2,"featured_media":333913,"comment_status":"","ping_status":"","sticky":false,"template":"","format":"standard","meta":{"footnotes":""},"categories":[2818],"tags":[1111,11,1777,674,1011,27,766,12,2636,25],"class_list":{"0":"post-333912","1":"post","2":"type-post","3":"status-publish","4":"format-standard","5":"has-post-thumbnail","7":"category-nantes","8":"tag-actu","9":"tag-actualites","10":"tag-eu","11":"tag-europe","12":"tag-fr","13":"tag-france","14":"tag-nantes","15":"tag-news","16":"tag-pays-de-la-loire","17":"tag-republique-francaise"},"share_on_mastodon":{"url":"https:\/\/pubeurope.com\/@fr\/115066861428745460","error":""},"_links":{"self":[{"href":"https:\/\/www.europesays.com\/fr\/wp-json\/wp\/v2\/posts\/333912","targetHints":{"allow":["GET"]}}],"collection":[{"href":"https:\/\/www.europesays.com\/fr\/wp-json\/wp\/v2\/posts"}],"about":[{"href":"https:\/\/www.europesays.com\/fr\/wp-json\/wp\/v2\/types\/post"}],"author":[{"embeddable":true,"href":"https:\/\/www.europesays.com\/fr\/wp-json\/wp\/v2\/users\/2"}],"replies":[{"embeddable":true,"href":"https:\/\/www.europesays.com\/fr\/wp-json\/wp\/v2\/comments?post=333912"}],"version-history":[{"count":0,"href":"https:\/\/www.europesays.com\/fr\/wp-json\/wp\/v2\/posts\/333912\/revisions"}],"wp:featuredmedia":[{"embeddable":true,"href":"https:\/\/www.europesays.com\/fr\/wp-json\/wp\/v2\/media\/333913"}],"wp:attachment":[{"href":"https:\/\/www.europesays.com\/fr\/wp-json\/wp\/v2\/media?parent=333912"}],"wp:term":[{"taxonomy":"category","embeddable":true,"href":"https:\/\/www.europesays.com\/fr\/wp-json\/wp\/v2\/categories?post=333912"},{"taxonomy":"post_tag","embeddable":true,"href":"https:\/\/www.europesays.com\/fr\/wp-json\/wp\/v2\/tags?post=333912"}],"curies":[{"name":"wp","href":"https:\/\/api.w.org\/{rel}","templated":true}]}}