{"id":333914,"date":"2025-08-21T12:55:22","date_gmt":"2025-08-21T12:55:22","guid":{"rendered":"https:\/\/www.europesays.com\/fr\/333914\/"},"modified":"2025-08-21T12:55:22","modified_gmt":"2025-08-21T12:55:22","slug":"chopin-chopin-la-bande-annonce-du-film-tourne-a-bordeaux-est-en-ligne","status":"publish","type":"post","link":"https:\/\/www.europesays.com\/fr\/333914\/","title":{"rendered":"Chopin, Chopin ! : la bande-annonce du film tourn\u00e9 \u00e0 Bordeaux est en ligne"},"content":{"rendered":"\n<p><a href=\"https:\/\/www.witfm.fr\/bordeaux-decouvrez-les-coulisses-du-tournage-de-chopin-chopin\" rel=\"noopener nofollow\" target=\"_blank\">\u00c0 l&rsquo;automne dernier, certains quartiers de Bordeaux, comme Saint-Michel, avaient pris des airs de XIXe si\u00e8cle<\/a>. Les cam\u00e9ras du tournage du long m\u00e9trage \u00ab\u00a0Chopin, Chopin !\u00a0\u00bb du r\u00e9alisateur polonais Michal Kwiecinski prenaient place dans la capitale girondine.<\/p>\n<p>D\u00e9but ao\u00fbt, la bande-annonce du film retra\u00e7ant la vie du c\u00e9l\u00e8bre compositeur franco- polonais \u00e9tait diffus\u00e9e sur les r\u00e9seaux sociaux et internet.\u00a0<\/p>\n<p>La date de sortie du long m\u00e9trage dans les salles a aussi \u00e9t\u00e9 d\u00e9voil\u00e9e. Il sortira le 10 octobre prochain en Pologne d&rsquo;abord. Une date pour une sortie en France reste encore inconnue.\u00a0<\/p>\n<p>Quelle est l&rsquo;histoire de \u00ab\u00a0Chopin, Chopin !\u00a0\u00bb ?<\/p>\n<p>Fr\u00e9d\u00e9ric Chopin a 25 ans et il est le roi de Paris. Il joue un concert commun avec les plus grands pianistes de son \u00e9poque. Ils se comportent tous comme des rock stars, lui comme un g\u00e9nie autiste, mais il captive toujours le public. Les hommes l&rsquo;admirent, les femmes r\u00eavent de partager son lit. Soudain, un diagnostic change sa vie \u00e0 jamais. Au fil de 11 chapitres, chacun se concentrant sur un moment diff\u00e9rent de la vie de Chopin, nous le verrons nier sa maladie, se rebeller contre elle, d\u00e9cider de la cacher au monde, et finalement accepter sa mort imminente.<\/p>\n<p>\u00a0<\/p>\n<p> La Gironde, terre de tournages<\/p>\n<p>Ce tournage avait mobilis\u00e9 durant trois semaines pas moins de 650 figurants et pr\u00e8s de 150 techniciens locaux.\u00a0<\/p>\n<p>La Gironde fait partie des d\u00e9partements o\u00f9 les tournages de longs mais aussi courts-m\u00e9trages et s\u00e9ries, tout confondu, se pressent. <a href=\"https:\/\/www.witfm.fr\/tournages-de-films-et-series-continuent-de-se-presser-en-gironde\" rel=\"noopener nofollow\" target=\"_blank\">En 2024, pas moins de 409 jours de tournages ont \u00e9t\u00e9 enregistr\u00e9s.\u00a0<\/a><\/p>\n","protected":false},"excerpt":{"rendered":"\u00c0 l&rsquo;automne dernier, certains quartiers de Bordeaux, comme Saint-Michel, avaient pris des airs de XIXe si\u00e8cle. Les cam\u00e9ras&hellip;\n","protected":false},"author":2,"featured_media":333915,"comment_status":"","ping_status":"","sticky":false,"template":"","format":"standard","meta":{"footnotes":""},"categories":[2817],"tags":[1111,11,1997,2904,47113,47112,1777,674,2081,1011,27,2905,42220,2456,12,2219,2437,25,6265],"class_list":{"0":"post-333914","1":"post","2":"type-post","3":"status-publish","4":"format-standard","5":"has-post-thumbnail","7":"category-bordeaux","8":"tag-actu","9":"tag-actualites","10":"tag-bordeaux","11":"tag-bordeaux-metropole","12":"tag-chopin","13":"tag-departement-de-gironde","14":"tag-eu","15":"tag-europe","16":"tag-film","17":"tag-fr","18":"tag-france","19":"tag-gironde","20":"tag-gironde-tournage","21":"tag-long-metrage","22":"tag-news","23":"tag-nouvelle-aquitaine","24":"tag-pologne","25":"tag-republique-francaise","26":"tag-tournage"},"share_on_mastodon":{"url":"https:\/\/pubeurope.com\/@fr\/115066865218731379","error":""},"_links":{"self":[{"href":"https:\/\/www.europesays.com\/fr\/wp-json\/wp\/v2\/posts\/333914","targetHints":{"allow":["GET"]}}],"collection":[{"href":"https:\/\/www.europesays.com\/fr\/wp-json\/wp\/v2\/posts"}],"about":[{"href":"https:\/\/www.europesays.com\/fr\/wp-json\/wp\/v2\/types\/post"}],"author":[{"embeddable":true,"href":"https:\/\/www.europesays.com\/fr\/wp-json\/wp\/v2\/users\/2"}],"replies":[{"embeddable":true,"href":"https:\/\/www.europesays.com\/fr\/wp-json\/wp\/v2\/comments?post=333914"}],"version-history":[{"count":0,"href":"https:\/\/www.europesays.com\/fr\/wp-json\/wp\/v2\/posts\/333914\/revisions"}],"wp:featuredmedia":[{"embeddable":true,"href":"https:\/\/www.europesays.com\/fr\/wp-json\/wp\/v2\/media\/333915"}],"wp:attachment":[{"href":"https:\/\/www.europesays.com\/fr\/wp-json\/wp\/v2\/media?parent=333914"}],"wp:term":[{"taxonomy":"category","embeddable":true,"href":"https:\/\/www.europesays.com\/fr\/wp-json\/wp\/v2\/categories?post=333914"},{"taxonomy":"post_tag","embeddable":true,"href":"https:\/\/www.europesays.com\/fr\/wp-json\/wp\/v2\/tags?post=333914"}],"curies":[{"name":"wp","href":"https:\/\/api.w.org\/{rel}","templated":true}]}}