{"id":333916,"date":"2025-08-21T12:56:12","date_gmt":"2025-08-21T12:56:12","guid":{"rendered":"https:\/\/www.europesays.com\/fr\/333916\/"},"modified":"2025-08-21T12:56:12","modified_gmt":"2025-08-21T12:56:12","slug":"aide-aux-fournitures-scolaires-par-bordeaux","status":"publish","type":"post","link":"https:\/\/www.europesays.com\/fr\/333916\/","title":{"rendered":"Aide aux fournitures scolaires par Bordeaux"},"content":{"rendered":"\n<p><strong>En septembre 2025, la Ville de Bordeaux renouvelle son dispositif d\u2019aide aux fournitures scolaires. Comme l\u2019an pass\u00e9, chaque \u00e9l\u00e8ve entrant en CP dans une \u00e9cole publique recevra gratuitement un kit complet d\u2019articles essentiels. Con\u00e7ues avec les enseignants, ces fournitures sont \u00e9coresponsables, fabriqu\u00e9es en France pour la plupart, et surtout sans perturbateurs endocriniens. Cette mesure vise \u00e0 soutenir le pouvoir d\u2019achat des familles, avec une \u00e9conomie estim\u00e9e \u00e0 50 \u20ac par enfant.<\/strong><\/p>\n<p> Une aide concr\u00e8te pour la rentr\u00e9e scolaire au CP 2025 <\/p>\n<p>La rentr\u00e9e scolaire est souvent synonyme de d\u00e9penses importantes pour les familles. Entre le cartable, les cahiers, les stylos et les habits, l\u2019addition monte vite. Pour all\u00e9ger ce poids, la mairie a choisi depuis 2024 de mettre en place une <strong>aide au fourniture scolaire<\/strong>. L\u2019id\u00e9e est simple : donner \u00e0 chaque \u00e9l\u00e8ve de CP un kit de base pour bien d\u00e9marrer l\u2019\u00e9cole des grands.<\/p>\n<p>Cette action concerne toutes les \u00e9coles publiques de Bordeaux et touche donc plusieurs milliers de familles. En 2024, <strong>2 071 enfants<\/strong> avaient b\u00e9n\u00e9fici\u00e9 de ce soutien, repr\u00e9sentant un<strong> investissement municipal de 32 000 \u20ac<\/strong>.<\/p>\n<p> Que contient le kit de fournitures scolaires offertes \u00e0 Bordeaux ? <\/p>\n<p>Le <strong>kit <\/strong>est con\u00e7u en lien direct avec l\u2019\u00c9ducation nationale. Les enseignants choisissent parmi deux versions, afin de respecter leur libert\u00e9 p\u00e9dagogique. Les enfants y trouvent l\u2019essentiel : <strong>crayons de couleur, r\u00e8gle, ardoise, ciseaux \u00e0 bouts ronds, gomme, double d\u00e9cim\u00e8tre<\/strong>.<\/p>\n<p>Une petite nouveaut\u00e9, d\u00e9j\u00e0 pr\u00e9sente en 2024 et confirm\u00e9e en 2025 : chaque enfant re\u00e7oit aussi une <strong>gourde en inox r\u00e9utilisable<\/strong>. Un accessoire durable qui peut suivre l\u2019\u00e9l\u00e8ve tout au long de sa scolarit\u00e9.<\/p>\n<p>Cette dotation est pens\u00e9e pour \u00eatre \u00e0 la fois pratique et respectueuse de l\u2019environnement. Les articles sont majoritairement fabriqu\u00e9s en France et r\u00e9pondent \u00e0 des crit\u00e8res stricts : pas de produits contenant des perturbateurs endocriniens. Une d\u00e9marche qui associe sant\u00e9 et \u00e9cologie.<\/p>\n<p> Pourquoi cette aide de la Ville de Bordeaux est importante ? <\/p>\n<p>L\u2019objectif affich\u00e9 est clair : soulager le budget des familles et favoriser l\u2019\u00e9galit\u00e9 \u00e0 l\u2019\u00e9cole. Le maire de Bordeaux insiste sur ce point : \u00ab Chaque enfant doit arriver en classe avec le m\u00eame kit de d\u00e9part, peu importe la situation familiale. \u00bb<\/p>\n<p> <img loading=\"lazy\" width=\"700\" height=\"467\" alt=\"Aide aux fournitures scolaires par la ville de Bordeaux\" title=\"Des fournitures scolaires offertes par la Ville de Bordeaux : ce qu\u2019il faut savoir pour la rentr\u00e9e 2025 1\"  nitro-lazy- nitro-lazy-src=\"https:\/\/cdn-ilbobfj.nitrocdn.com\/LLQyioEDmPooSUeshdcABKPnDEWJyTwh\/assets\/images\/optimized\/rev-fefab80\/quoifaireabordeaux.com\/wp-content\/uploads\/2025\/08\/fournitures-scolaires-1.jpg\" class=\"wp-image-18811324 nitro-lazy\" decoding=\"async\" nitro-lazy-empty=\"\" id=\"NDc5OjYyNQ==-1\" src=\"data:image\/svg+xml;nitro-empty-id=NDc5OjYyNQ==-1;base64,PHN2ZyB2aWV3Qm94PSIwIDAgNzAwIDQ2NyIgd2lkdGg9IjcwMCIgaGVpZ2h0PSI0NjciIHhtbG5zPSJodHRwOi8vd3d3LnczLm9yZy8yMDAwL3N2ZyI+PC9zdmc+\"\/> <\/p>\n<p>En moyenne, le gain est de <strong>50 \u20ac par \u00e9l\u00e8ve<\/strong>. Ce n\u2019est pas n\u00e9gligeable quand on additionne les frais de rentr\u00e9e. Au-del\u00e0 de l\u2019aspect financier, c\u2019est aussi une fa\u00e7on de donner \u00e0 chaque enfant un mat\u00e9riel de qualit\u00e9, adapt\u00e9 et valid\u00e9 par les enseignants.<\/p>\n<p> Une d\u00e9marche \u00e9coresponsable <\/p>\n<p>Parler de fournitures scolaires, c\u2019est aussi parler d\u2019environnement. En choisissant des articles \u00e9coresponsables, durables et sans produits nocifs, la mairie donne un signal fort. Les familles savent que le mat\u00e9riel fourni est s\u00fbr et respectueux de la sant\u00e9 des enfants.<\/p>\n<p>La gourde en inox est un bon exemple. Elle \u00e9vite les bouteilles en plastique, r\u00e9duit les d\u00e9chets et s\u2019inscrit dans une logique de d\u00e9veloppement durable. C\u2019est aussi un objet pratique que les enfants adoptent vite.<\/p>\n<p> Une aide appel\u00e9e \u00e0 durer ? <\/p>\n<p>Ce dispositif<strong> lanc\u00e9 en 2024 <\/strong>et reconduit en 2025 a \u00e9t\u00e9 bien accueilli. Les retours des parents d\u2019\u00e9l\u00e8ves et des enseignants ont permis de l\u2019am\u00e9liorer. Rien n\u2019indique qu\u2019il s\u2019arr\u00eatera apr\u00e8s cette ann\u00e9e. On peut m\u00eame imaginer qu\u2019il s\u2019\u00e9largira \u00e0 d\u2019autres niveaux dans l\u2019avenir, mais pour l\u2019instant, il reste cibl\u00e9 sur le CP.<\/p>\n<p>Toutes les infos concernant l\u2019aide sur le <a href=\"https:\/\/www.bordeaux.fr\/le-mag\/un-kit-de-fournitures-offert-a-tous-les-eleves-de-cp-rentree-2025#:~:text=Ce%20dispositif%20cr%C3%A9%C3%A9%20en%202024,le%20suivre%20toute%20sa%20scolarit%C3%A9.\" target=\"_blank\" rel=\"noreferrer noopener nofollow\">site de la ville de Bordeaux<\/a>.<\/p>\n<p>Retrouvez tous nos bons plans en cliquant <a href=\"https:\/\/quoifaireabordeaux.com\/category\/bons-plans\/\" target=\"_blank\" rel=\"noreferrer noopener nofollow\">ICI<\/a>.<\/p>\n<p>  FAQ &#8211; Foire aux questions <\/p>\n<p>concernant l&rsquo;aide<\/p>\n<p data-start=\"4043\" data-end=\"4222\"><strong data-start=\"4043\" data-end=\"4133\">Qui peut b\u00e9n\u00e9ficier de l\u2019aide de la Ville de Bordeaux pour les fournitures scolaires ?<\/strong><br data-start=\"4133\" data-end=\"4136\"\/>Tous les enfants entrant en CP dans une \u00e9cole publique bordelaise \u00e0 la rentr\u00e9e 2025.<\/p>\n<p data-start=\"4224\" data-end=\"4402\"><strong data-start=\"4224\" data-end=\"4294\">Que contient le kit de fournitures scolaires offertes \u00e0 Bordeaux ?<\/strong><br data-start=\"4294\" data-end=\"4297\"\/>Des crayons, une r\u00e8gle, une ardoise, des ciseaux, une gomme, un double d\u00e9cim\u00e8tre et une gourde en inox.<\/p>\n<p data-start=\"4404\" data-end=\"4534\"><strong data-start=\"4404\" data-end=\"4470\">Combien d\u2019\u00e9conomies permet cette aide au fourniture scolaire ?<\/strong><br data-start=\"4470\" data-end=\"4473\"\/>Environ 50 \u20ac par \u00e9l\u00e8ve, selon les estimations de la mairie.<\/p>\n<p data-start=\"4536\" data-end=\"4710\"><strong data-start=\"4536\" data-end=\"4592\">Pourquoi parle-t-on de fournitures \u00e9coresponsables ?<\/strong><br data-start=\"4592\" data-end=\"4595\"\/>Parce qu\u2019elles sont fabriqu\u00e9es en France pour la plupart, sans perturbateurs endocriniens et pens\u00e9es pour durer.<\/p>\n<p data-start=\"4712\" data-end=\"4872\"><strong data-start=\"4712\" data-end=\"4789\">La rentr\u00e9e scolaire CP 2025 \u00e0 Bordeaux aura-t-elle encore ce dispositif ?<\/strong><br data-start=\"4789\" data-end=\"4792\"\/>Oui, il est confirm\u00e9 pour 2025, avec une pr\u00e9sentation officielle \u00e0 la rentr\u00e9e.<\/p>\n","protected":false},"excerpt":{"rendered":"En septembre 2025, la Ville de Bordeaux renouvelle son dispositif d\u2019aide aux fournitures scolaires. Comme l\u2019an pass\u00e9, chaque&hellip;\n","protected":false},"author":2,"featured_media":333917,"comment_status":"","ping_status":"","sticky":false,"template":"","format":"standard","meta":{"footnotes":""},"categories":[2817],"tags":[1111,11,1997,1777,674,1011,27,12,2219,25],"class_list":{"0":"post-333916","1":"post","2":"type-post","3":"status-publish","4":"format-standard","5":"has-post-thumbnail","7":"category-bordeaux","8":"tag-actu","9":"tag-actualites","10":"tag-bordeaux","11":"tag-eu","12":"tag-europe","13":"tag-fr","14":"tag-france","15":"tag-news","16":"tag-nouvelle-aquitaine","17":"tag-republique-francaise"},"share_on_mastodon":{"url":"https:\/\/pubeurope.com\/@fr\/115066869136336417","error":""},"_links":{"self":[{"href":"https:\/\/www.europesays.com\/fr\/wp-json\/wp\/v2\/posts\/333916","targetHints":{"allow":["GET"]}}],"collection":[{"href":"https:\/\/www.europesays.com\/fr\/wp-json\/wp\/v2\/posts"}],"about":[{"href":"https:\/\/www.europesays.com\/fr\/wp-json\/wp\/v2\/types\/post"}],"author":[{"embeddable":true,"href":"https:\/\/www.europesays.com\/fr\/wp-json\/wp\/v2\/users\/2"}],"replies":[{"embeddable":true,"href":"https:\/\/www.europesays.com\/fr\/wp-json\/wp\/v2\/comments?post=333916"}],"version-history":[{"count":0,"href":"https:\/\/www.europesays.com\/fr\/wp-json\/wp\/v2\/posts\/333916\/revisions"}],"wp:featuredmedia":[{"embeddable":true,"href":"https:\/\/www.europesays.com\/fr\/wp-json\/wp\/v2\/media\/333917"}],"wp:attachment":[{"href":"https:\/\/www.europesays.com\/fr\/wp-json\/wp\/v2\/media?parent=333916"}],"wp:term":[{"taxonomy":"category","embeddable":true,"href":"https:\/\/www.europesays.com\/fr\/wp-json\/wp\/v2\/categories?post=333916"},{"taxonomy":"post_tag","embeddable":true,"href":"https:\/\/www.europesays.com\/fr\/wp-json\/wp\/v2\/tags?post=333916"}],"curies":[{"name":"wp","href":"https:\/\/api.w.org\/{rel}","templated":true}]}}