{"id":333918,"date":"2025-08-21T12:57:10","date_gmt":"2025-08-21T12:57:10","guid":{"rendered":"https:\/\/www.europesays.com\/fr\/333918\/"},"modified":"2025-08-21T12:57:10","modified_gmt":"2025-08-21T12:57:10","slug":"odom-est-le-nouveau-restaurant-de-toulouse-pres-du-dome-de-la-grave-avec-4-talents-de-saint-cyprien","status":"publish","type":"post","link":"https:\/\/www.europesays.com\/fr\/333918\/","title":{"rendered":"Odom est le nouveau restaurant de Toulouse pr\u00e8s du D\u00f4me de la Grave avec 4 talents de Saint-Cyprien"},"content":{"rendered":"<p>Carte courte inspir\u00e9e du Sud au sens large, Odom est un restaurant coup de c\u0153ur. Une histoire de confiance entre la propri\u00e9taire des lieux, et des passionn\u00e9s de la cuisine. Qui n&rsquo;a pas envie de s&rsquo;arr\u00eater devant le d\u00f4me de la Grave pour savourer le moment\u00a0? En avant-premi\u00e8re, mettons-nous \u00e0 table.<\/p>\n<p>Odom, <strong>comme \u00ab\u00a0au d\u00f4me&#8230;\u00a0\u00bb<\/strong>. On a l&rsquo;habitude de voir ce c\u00e9l\u00e8bre d\u00f4me de la Grave depuis la Daurade ou la place Saint-Pierre. Mais en traversant le pont pi\u00e9ton, vous arrivez directement sur une place toute neuve et dans un univers fin et raffin\u00e9. Odom vient d&rsquo;ouvrir. <strong>Arthur Rolland et son complice Rapha\u00ebl sont zens et m\u00e9ticuleux<\/strong> pour que chaque assiette soit un voyage. C&rsquo;est la premi\u00e8re soir\u00e9e pour ce nouveau restaurant toulousain, \u00e0 deux pas de la station de m\u00e9tro \u00ab\u00a0Saint-Cyprien R\u00e9publique\u00a0\u00bb sur la ligne A. Une d\u00e9coration chic, un grand bar ouvert sur la cuisine et des bonnes bouteilles en \u00e9vidence. Le cadre est simple, la carte est inspirante. Le micro de ICI Occitanie vit cette toute premi\u00e8re soir\u00e9e en exclusivit\u00e9, il est tendu \u00e0 L\u00e9opold Bach, co-g\u00e9rant.<\/p>\n<p>loading<\/p>\n<p>Reportage \u00e0 \u00e9couter dans l&rsquo;\u00e9mission Bienvenue Chez Vous le <strong>vendredi 29\/08 \u00e0 10h10<\/strong> sur votre radio locale ICI Occitanie (91.8 FM \u00e0 Toulouse)<\/p>\n<p><img loading=\"lazy\" decoding=\"async\" class=\"VisualPreview svelte-1rldrkz\" src=\"data:image\/jpeg;base64,\/9j\/2wBDACgcHiMeGSgjISMtKygwPGRBPDc3PHtYXUlkkYCZlo+AjIqgtObDoKrarYqMyP\/L2u71\/\/\/\/m8H\/\/\/\/6\/+b9\/\/j\/2wBDASstLTw1PHZBQXb4pYyl+Pj4+Pj4+Pj4+Pj4+Pj4+Pj4+Pj4+Pj4+Pj4+Pj4+Pj4+Pj4+Pj4+Pj4+Pj4+Pj4+Pj\/wAARCAAXACoDASIAAhEBAxEB\/8QAGAABAQEBAQAAAAAAAAAAAAAAAgADAQT\/xAAWEAEBAQAAAAAAAAAAAAAAAAAAARH\/xAAWAQEBAQAAAAAAAAAAAAAAAAABAAL\/xAAVEQEBAAAAAAAAAAAAAAAAAAAAEf\/aAAwDAQACEQMRAD8A9NG0qFYrUWrRq0UtJS1lKWlHYNiTJZ0dSKdlJJB\/\/9k=\" alt=\"Au menu &quot;Odom&quot;\" width=\"600\" height=\"337\"\/>  Au menu \u00ab\u00a0Odom\u00a0\u00bb \u00a9 Radio France &#8211; Alban ForlotLes 4 fantastiques aux manettes<\/p>\n<p><strong>Odom a ouvert le 20 ao\u00fbt 2025<\/strong> et ICI Occitanie y \u00e9tait. <strong>Quatre associ\u00e9s regroupent leurs talents<\/strong> dans un m\u00eame projet. Pour la plupart il sont n\u00e9s \u00e0 Toulouse, c\u00f4t\u00e9 Saint-Cyprien, mais c&rsquo;est la premi\u00e8re fois qu&rsquo;ils montent une affaire sur la rive gauche. L\u00e9o avait d\u00e9j\u00e0 ouvert le bar Bamboche \u00e0 Esquirol avec son fr\u00e8re <strong>Yanis<\/strong>. L&rsquo;ami de 15 ans de <strong>L\u00e9opold<\/strong> c&rsquo;est\u00a0<strong>Cl\u00e9ment<\/strong> Lessoud qui tient le restaurant gastronomique <strong>Hortus<\/strong> rue Croix Baragnon. Et puis L\u00e9o c&rsquo;est <strong>Campagne<\/strong>, \u00e0 deux pas du Capitole, dans la rue des lois. Dans ce restaurant Campagne, <strong>M\u00e9lanie<\/strong> \u00e9tait serveuse. La voici embarqu\u00e9e dans l&rsquo;aventure pour cr\u00e9er Odom. Bien connus sur la sc\u00e8ne gastronomique toulousaine, <strong>le quatuor promet d&rsquo;ailleurs des d\u00eeners \u00e0 4 mains<\/strong> avec d&rsquo;autres confr\u00e8res durant les week-ends.<\/p>\n<p><img loading=\"lazy\" decoding=\"async\" class=\"VisualPreview svelte-1rldrkz\" src=\"data:image\/jpeg;base64,\/9j\/2wBDACgcHiMeGSgjISMtKygwPGRBPDc3PHtYXUlkkYCZlo+AjIqgtObDoKrarYqMyP\/L2u71\/\/\/\/m8H\/\/\/\/6\/+b9\/\/j\/2wBDASstLTw1PHZBQXb4pYyl+Pj4+Pj4+Pj4+Pj4+Pj4+Pj4+Pj4+Pj4+Pj4+Pj4+Pj4+Pj4+Pj4+Pj4+Pj4+Pj4+Pj\/wAARCAAfACoDASIAAhEBAxEB\/8QAGQABAQADAQAAAAAAAAAAAAAAAgMAAQQF\/8QAGBABAQEBAQAAAAAAAAAAAAAAAAECERL\/xAAVAQEBAAAAAAAAAAAAAAAAAAAAAf\/EABQRAQAAAAAAAAAAAAAAAAAAAAD\/2gAMAwEAAhEDEQA\/APLmSmTmSmUUPLVytwbAQsHiuoHAdflnFbAqKNGlRoJaBTSao\/\/Z\" alt=\"Restaurant Odom \u00e0 Toulouse, la nuit\" width=\"600\" height=\"450\"\/>  Restaurant Odom \u00e0 Toulouse, la nuit \u00a9 Radio France &#8211; Alban Forlot<\/p>\n<p><strong>Menu \u00e0 39\u20ac<\/strong> pour entr\u00e9e , plat et dessert le soir chez Odom.<\/p>\n<p>Ouvert <strong>du mercredi au dimanche<\/strong>, Odom vous attend notamment le dimanche pour un moment \u00ab\u00a0chill\u00a0\u00bb au pied du D\u00f4me de la Grave et de son jardin recr\u00e9\u00e9 de toute pi\u00e8ce. C&rsquo;est bucolique et la place se pr\u00eate parfaitement aux moments de d\u00e9tente en famille, <strong>26 rue du Pont Saint Pierre<\/strong> \u00e0 Toulouse.<\/p>\n<p><img loading=\"lazy\" decoding=\"async\" class=\"VisualPreview svelte-1rldrkz\" src=\"data:image\/jpeg;base64,\/9j\/2wBDACgcHiMeGSgjISMtKygwPGRBPDc3PHtYXUlkkYCZlo+AjIqgtObDoKrarYqMyP\/L2u71\/\/\/\/m8H\/\/\/\/6\/+b9\/\/j\/2wBDASstLTw1PHZBQXb4pYyl+Pj4+Pj4+Pj4+Pj4+Pj4+Pj4+Pj4+Pj4+Pj4+Pj4+Pj4+Pj4+Pj4+Pj4+Pj4+Pj4+Pj\/wAARCAAfACoDASIAAhEBAxEB\/8QAGAABAQEBAQAAAAAAAAAAAAAAAQIAAwT\/xAAYEAEBAQEBAAAAAAAAAAAAAAAAARECEv\/EABYBAQEBAAAAAAAAAAAAAAAAAAABAv\/EABURAQEAAAAAAAAAAAAAAAAAAAAR\/9oADAMBAAIRAxEAPwD2XpN6R6TaJF3oajWlKR1lKJVNVmOOsDEjTGHDhBooFB\/\/2Q==\" alt=\"L\u00e9opold Bach, l'un des 4 associ\u00e9s de Odom Toulouse\" width=\"600\" height=\"450\"\/>  L\u00e9opold Bach, l&rsquo;un des 4 associ\u00e9s de Odom Toulouse \u00a9 Radio France &#8211; Alban Forlot\u00a0\u00bbOn n&rsquo;a pas voulu faire de restaurant conceptuel avec une identit\u00e9 forte pour avoir + de libert\u00e9 en cuisine\u00a0\u00bb<\/p>\n<p>C&rsquo;est la \u00ab\u00a0cuisine des suds&#8230; sud de la France, sud-ouest, sud Est\u00a0\u00bb. <strong>L\u00e9opold Bach pr\u00e9voit une carte renouvel\u00e9e tr\u00e8s r\u00e9guli\u00e8rement<\/strong> chez\u00a0<a target=\"_blank\" rel=\"nofollow noopener noreferrer\" class=\"IciLink ici-link IciArticleLink g-ici-body-regular-1 underline brand svelte-lu7k6w\" href=\"https:\/\/www.instagram.com\/odomtoulouse\/?hl=fr\"><strong>Odom<\/strong><\/a>\u00a0pour favoriser la saisonnalit\u00e9 sans se contraindre uniquement au territoire toulousain. Avec des partenaires solides comme\u00a0<strong>Agri Viande avec son ami Brice, bas\u00e9 en Aveyron<\/strong>, ou encore <strong>la boucherie Bannelier, voisine du nouveau restaurant dans le quartier Saint-Cyprien<\/strong>, on peut s&rsquo;attendre \u00e0 produits locaux et des inspirations plus m\u00e9diterran\u00e9ennes qui vont de l&rsquo;Italie \u00e0 l&rsquo;Espagne. Les l\u00e9gumes viennent du Grand March\u00e9 toulousain, le MIN. Ici, on aime surprendre les viandards en leur faisant aimer le poisson comme un thon blanc de ligne ou un plat v\u00e9g\u00e9tarien avec des mini concombres. Les clients fid\u00e8les des autres \u00e9tablissements sont d\u00e9j\u00e0 au rendez-vous. Longue vie \u00e0 Odom\u00a0!<\/p>\n<p><img loading=\"lazy\" decoding=\"async\" class=\"VisualPreview svelte-1rldrkz\" src=\"data:image\/jpeg;base64,\/9j\/2wBDACgcHiMeGSgjISMtKygwPGRBPDc3PHtYXUlkkYCZlo+AjIqgtObDoKrarYqMyP\/L2u71\/\/\/\/m8H\/\/\/\/6\/+b9\/\/j\/2wBDASstLTw1PHZBQXb4pYyl+Pj4+Pj4+Pj4+Pj4+Pj4+Pj4+Pj4+Pj4+Pj4+Pj4+Pj4+Pj4+Pj4+Pj4+Pj4+Pj4+Pj\/wAARCAAXACoDASIAAhEBAxEB\/8QAFwAAAwEAAAAAAAAAAAAAAAAAAAECA\/\/EABgQAQEBAQEAAAAAAAAAAAAAAAABEQIS\/8QAFQEBAQAAAAAAAAAAAAAAAAAAAQD\/xAAVEQEBAAAAAAAAAAAAAAAAAAAAAf\/aAAwDAQACEQMRAD8A0tTadTQYm0aVIFpOj9MtPSG2JsASRYmgAkYBD\/\/Z\" alt=\"Restaurant Odom Toulouse \u00e0 d\u00e9couvrir pr\u00e8s du Pont Saint-Pierre\" width=\"600\" height=\"337\"\/>  Restaurant Odom Toulouse \u00e0 d\u00e9couvrir pr\u00e8s du Pont Saint-Pierre \u00a9 Radio France &#8211; Alban Forlot<script async src=\"\/\/www.instagram.com\/embed.js\"><\/script><\/p>\n","protected":false},"excerpt":{"rendered":"Carte courte inspir\u00e9e du Sud au sens large, Odom est un restaurant coup de c\u0153ur. Une histoire de&hellip;\n","protected":false},"author":2,"featured_media":333919,"comment_status":"","ping_status":"","sticky":false,"template":"","format":"standard","meta":{"footnotes":""},"categories":[2816],"tags":[1111,11,1777,674,1011,27,12,2680,25,2312],"class_list":{"0":"post-333918","1":"post","2":"type-post","3":"status-publish","4":"format-standard","5":"has-post-thumbnail","7":"category-toulouse","8":"tag-actu","9":"tag-actualites","10":"tag-eu","11":"tag-europe","12":"tag-fr","13":"tag-france","14":"tag-news","15":"tag-occitanie","16":"tag-republique-francaise","17":"tag-toulouse"},"share_on_mastodon":{"url":"https:\/\/pubeurope.com\/@fr\/115066873108153579","error":""},"_links":{"self":[{"href":"https:\/\/www.europesays.com\/fr\/wp-json\/wp\/v2\/posts\/333918","targetHints":{"allow":["GET"]}}],"collection":[{"href":"https:\/\/www.europesays.com\/fr\/wp-json\/wp\/v2\/posts"}],"about":[{"href":"https:\/\/www.europesays.com\/fr\/wp-json\/wp\/v2\/types\/post"}],"author":[{"embeddable":true,"href":"https:\/\/www.europesays.com\/fr\/wp-json\/wp\/v2\/users\/2"}],"replies":[{"embeddable":true,"href":"https:\/\/www.europesays.com\/fr\/wp-json\/wp\/v2\/comments?post=333918"}],"version-history":[{"count":0,"href":"https:\/\/www.europesays.com\/fr\/wp-json\/wp\/v2\/posts\/333918\/revisions"}],"wp:featuredmedia":[{"embeddable":true,"href":"https:\/\/www.europesays.com\/fr\/wp-json\/wp\/v2\/media\/333919"}],"wp:attachment":[{"href":"https:\/\/www.europesays.com\/fr\/wp-json\/wp\/v2\/media?parent=333918"}],"wp:term":[{"taxonomy":"category","embeddable":true,"href":"https:\/\/www.europesays.com\/fr\/wp-json\/wp\/v2\/categories?post=333918"},{"taxonomy":"post_tag","embeddable":true,"href":"https:\/\/www.europesays.com\/fr\/wp-json\/wp\/v2\/tags?post=333918"}],"curies":[{"name":"wp","href":"https:\/\/api.w.org\/{rel}","templated":true}]}}