{"id":333922,"date":"2025-08-21T12:59:19","date_gmt":"2025-08-21T12:59:19","guid":{"rendered":"https:\/\/www.europesays.com\/fr\/333922\/"},"modified":"2025-08-21T12:59:19","modified_gmt":"2025-08-21T12:59:19","slug":"une-rentree-du-bon-pied","status":"publish","type":"post","link":"https:\/\/www.europesays.com\/fr\/333922\/","title":{"rendered":"Une rentr\u00e9e du bon pied"},"content":{"rendered":"<p>En cette rentr\u00e9e 2025, notre objectif reste clair : mieux pr\u00e9parer les enfants aux d\u00e9fis de demain. <strong>L\u2019innovation<\/strong> s\u2019est invit\u00e9e au coeur de nos \u00e9coles, non seulement \u00e0 travers les technologies, mais aussi par de nouveaux m\u00e9tiers qui enrichissent le quotidien scolaire : <strong>des \u00e9ducateurs sp\u00e9cialis\u00e9s en milieu inclusif, des m\u00e9diateurs pour le climat scolaire et des acteurs associatifs<\/strong> rejoignent les \u00e9quipes \u00e9ducatives. Leur r\u00f4le : accompagner les \u00e9l\u00e8ves et les \u00e9quipes \u00e9ducatives dans un monde de plus en plus complexe, o\u00f9 la capacit\u00e9 d\u2019adaptation est essentielle.<\/p>\n<p>Parall\u00e8lement, un <strong>plan de r\u00e9novation<\/strong> est mis en place pour moderniser nos \u00e9tablissements afin de cr\u00e9er des environnements propices \u00e0 l\u2019\u00e9panouissement et \u00e0 l\u2019apprentissage de chaque enfant.<\/p>\n<p>Enfin, afin de lever les obstacles \u00e0 la r\u00e9ussite scolaire, la Ville poursuit <strong>la gratuit\u00e9 des fournitures scolaires, le gel des tarifs de la cantine et le ch\u00e8que activit\u00e9<\/strong>, 50 \u20ac pour financer des activit\u00e9s durant l\u2019ann\u00e9e scolaire ou contribuer \u00e0 l\u2019achat d\u2019un v\u00e9lo, afin de favoriser la mobilit\u00e9 et l\u2019\u00e9panouissement physique des enfants.<\/p>\n<p>Nous vous souhaitons \u00e0 toutes et \u00e0 tous une excellente rentr\u00e9e scolaire !<\/p>\n","protected":false},"excerpt":{"rendered":"En cette rentr\u00e9e 2025, notre objectif reste clair : mieux pr\u00e9parer les enfants aux d\u00e9fis de demain. L\u2019innovation&hellip;\n","protected":false},"author":2,"featured_media":333923,"comment_status":"","ping_status":"","sticky":false,"template":"","format":"standard","meta":{"footnotes":""},"categories":[2815],"tags":[1111,11,4485,4019,1057,1777,674,1011,27,811,1307,12,25],"class_list":{"0":"post-333922","1":"post","2":"type-post","3":"status-publish","4":"format-standard","5":"has-post-thumbnail","7":"category-lille","8":"tag-actu","9":"tag-actualites","10":"tag-dossier","11":"tag-ecoles","12":"tag-education","13":"tag-eu","14":"tag-europe","15":"tag-fr","16":"tag-france","17":"tag-hauts-de-france","18":"tag-lille","19":"tag-news","20":"tag-republique-francaise"},"share_on_mastodon":{"url":"https:\/\/pubeurope.com\/@fr\/115066880948421292","error":""},"_links":{"self":[{"href":"https:\/\/www.europesays.com\/fr\/wp-json\/wp\/v2\/posts\/333922","targetHints":{"allow":["GET"]}}],"collection":[{"href":"https:\/\/www.europesays.com\/fr\/wp-json\/wp\/v2\/posts"}],"about":[{"href":"https:\/\/www.europesays.com\/fr\/wp-json\/wp\/v2\/types\/post"}],"author":[{"embeddable":true,"href":"https:\/\/www.europesays.com\/fr\/wp-json\/wp\/v2\/users\/2"}],"replies":[{"embeddable":true,"href":"https:\/\/www.europesays.com\/fr\/wp-json\/wp\/v2\/comments?post=333922"}],"version-history":[{"count":0,"href":"https:\/\/www.europesays.com\/fr\/wp-json\/wp\/v2\/posts\/333922\/revisions"}],"wp:featuredmedia":[{"embeddable":true,"href":"https:\/\/www.europesays.com\/fr\/wp-json\/wp\/v2\/media\/333923"}],"wp:attachment":[{"href":"https:\/\/www.europesays.com\/fr\/wp-json\/wp\/v2\/media?parent=333922"}],"wp:term":[{"taxonomy":"category","embeddable":true,"href":"https:\/\/www.europesays.com\/fr\/wp-json\/wp\/v2\/categories?post=333922"},{"taxonomy":"post_tag","embeddable":true,"href":"https:\/\/www.europesays.com\/fr\/wp-json\/wp\/v2\/tags?post=333922"}],"curies":[{"name":"wp","href":"https:\/\/api.w.org\/{rel}","templated":true}]}}