{"id":333924,"date":"2025-08-21T13:00:11","date_gmt":"2025-08-21T13:00:11","guid":{"rendered":"https:\/\/www.europesays.com\/fr\/333924\/"},"modified":"2025-08-21T13:00:11","modified_gmt":"2025-08-21T13:00:11","slug":"volotea-renforce-sa-liaison-lille-perpignan","status":"publish","type":"post","link":"https:\/\/www.europesays.com\/fr\/333924\/","title":{"rendered":"Volotea renforce sa liaison Lille-Perpignan"},"content":{"rendered":"<p>\t\t\t\t\t\t\t\tVolotea renforce sa liaison Lille-Perpignan avec des fr\u00e9quences maintenues en p\u00e9riode Hivernale<\/p>\n<p>\u00a0<\/p>\n<p>\u00a0<\/p>\n<p>Avec deux vols hebdomadaires, la compagnie a\u00e9rienne des capitales r\u00e9gionales europ\u00e9ennes consolide la connectivit\u00e9 entre les Hauts-de-France et le Sud de la France.<\/p>\n<p><img loading=\"lazy\" decoding=\"async\" class=\"aligncenter wp-image-81615 size-full\" src=\"https:\/\/www.europesays.com\/fr\/wp-content\/uploads\/2025\/08\/mail-3-3.jpg\" alt=\"VOLOTEA\" width=\"390\" height=\"245\"  \/><\/p>\n<p><a href=\"https:\/\/www.infotravel.fr\/aerien\/volotea-annee-record-avec-plus-de-500-000-sieges-proposes\/\" rel=\"nofollow noopener\" target=\"_blank\">Volotea<\/a> est la premi\u00e8re compagnie a\u00e9rienne en termes de r\u00e9seau \u00e0 l\u2019A\u00e9roport de Lille-Lesquin et propose un total de 31 destinations.<\/p>\n<p>Volotea annonce l\u2019extension de sa liaison entre Lille et Perpignan tout au long de la saison hivernale, avec deux fr\u00e9quences par semaine. Cette initiative vient renforcer l\u2019offre domestique de la compagnie et permettre aux voyageurs lillois d\u2019acc\u00e9der \u00e0 la douceur du climat m\u00e9diterran\u00e9en tout au long de l\u2019ann\u00e9e.<\/p>\n<p>Disponible \u00e0 la vente d\u00e8s aujourd\u2019hui, ces vols suppl\u00e9mentaires \u2014 op\u00e9r\u00e9s les jeudis et dimanches entre novembre et mars \u2014 viennent compl\u00e9ter le programme existant de la compagnie et renforcent l\u2019acc\u00e8s \u00e0 Perpignan pour les voyageurs au d\u00e9part de Lille. Volotea confirme ainsi son engagement \u00e0 soutenir le d\u00e9veloppement de la connectivit\u00e9 int\u00e9rieure de l\u2019Hexagone.<\/p>\n<p>\u00ab Nous sommes tr\u00e8s heureux de maintenir une offre soutenue entre Lille et Perpignan, m\u00eame en hiver. C\u2019est une ligne pl\u00e9biscit\u00e9e par nos clients qui t\u00e9moigne de la pertinence de notre mod\u00e8le : connecter les capitales r\u00e9gionales entre elles avec des vols directs, \u00e0 des prix comp\u00e9titifs, tout en garantissant un excellent niveau de service. \u00bb, d\u00e9clare Gilles Gosselin, Directeur France de Volotea.<\/p>\n<p>Les vols au d\u00e9part de Lille sont disponibles \u00e0 la vente sur l\u2019ensemble des canaux de distribution et sur le site de <a href=\"https:\/\/www.infotravel.fr\/bons-plans\/volotea-on-peut-deja-planifier-ses-escapades-2026\/\" rel=\"nofollow noopener\" target=\"_blank\">Volotea<\/a> : www.volotea.com.<\/p>\n<p>La compagnie a\u00e9rienne connecte aujourd\u2019hui Lille \u00e0 31 destinations r\u00e9parties dans 8 pays : la Bulgarie, la Croatie, l\u2019Espagne, la France, la Gr\u00e8ce, l\u2019Italie, le Maroc et le Portugal.<\/p>\n","protected":false},"excerpt":{"rendered":"Volotea renforce sa liaison Lille-Perpignan avec des fr\u00e9quences maintenues en p\u00e9riode Hivernale \u00a0 \u00a0 Avec deux vols hebdomadaires,&hellip;\n","protected":false},"author":2,"featured_media":333925,"comment_status":"","ping_status":"","sticky":false,"template":"","format":"standard","meta":{"footnotes":""},"categories":[2815],"tags":[1111,11,37,8763,10009,1777,674,1011,27,811,17782,1307,12,25,602,10030,2528,586],"class_list":{"0":"post-333924","1":"post","2":"type-post","3":"status-publish","4":"format-standard","5":"has-post-thumbnail","7":"category-lille","8":"tag-actu","9":"tag-actualites","10":"tag-avion","11":"tag-compagnie-aerienne","12":"tag-destination","13":"tag-eu","14":"tag-europe","15":"tag-fr","16":"tag-france","17":"tag-hauts-de-france","18":"tag-infotravel","19":"tag-lille","20":"tag-news","21":"tag-republique-francaise","22":"tag-tourisme","23":"tag-travel","24":"tag-vacances","25":"tag-voyage"},"share_on_mastodon":{"url":"https:\/\/pubeurope.com\/@fr\/115066884784864264","error":""},"_links":{"self":[{"href":"https:\/\/www.europesays.com\/fr\/wp-json\/wp\/v2\/posts\/333924","targetHints":{"allow":["GET"]}}],"collection":[{"href":"https:\/\/www.europesays.com\/fr\/wp-json\/wp\/v2\/posts"}],"about":[{"href":"https:\/\/www.europesays.com\/fr\/wp-json\/wp\/v2\/types\/post"}],"author":[{"embeddable":true,"href":"https:\/\/www.europesays.com\/fr\/wp-json\/wp\/v2\/users\/2"}],"replies":[{"embeddable":true,"href":"https:\/\/www.europesays.com\/fr\/wp-json\/wp\/v2\/comments?post=333924"}],"version-history":[{"count":0,"href":"https:\/\/www.europesays.com\/fr\/wp-json\/wp\/v2\/posts\/333924\/revisions"}],"wp:featuredmedia":[{"embeddable":true,"href":"https:\/\/www.europesays.com\/fr\/wp-json\/wp\/v2\/media\/333925"}],"wp:attachment":[{"href":"https:\/\/www.europesays.com\/fr\/wp-json\/wp\/v2\/media?parent=333924"}],"wp:term":[{"taxonomy":"category","embeddable":true,"href":"https:\/\/www.europesays.com\/fr\/wp-json\/wp\/v2\/categories?post=333924"},{"taxonomy":"post_tag","embeddable":true,"href":"https:\/\/www.europesays.com\/fr\/wp-json\/wp\/v2\/tags?post=333924"}],"curies":[{"name":"wp","href":"https:\/\/api.w.org\/{rel}","templated":true}]}}