{"id":333929,"date":"2025-08-21T13:03:11","date_gmt":"2025-08-21T13:03:11","guid":{"rendered":"https:\/\/www.europesays.com\/fr\/333929\/"},"modified":"2025-08-21T13:03:11","modified_gmt":"2025-08-21T13:03:11","slug":"le-nouveau-plan-de-circulation-va-entrer-en-vigueur-avenue-des-freres-lumiere-ce-qui-va-changer","status":"publish","type":"post","link":"https:\/\/www.europesays.com\/fr\/333929\/","title":{"rendered":"le nouveau plan de circulation va entrer en vigueur avenue des Fr\u00e8res Lumi\u00e8re, ce qui va changer"},"content":{"rendered":"<p>Dans le 8e arrondissement o\u00f9 vit <a href=\"https:\/\/www.lyonmag.com\/profil-personnalite-lyonnaise\/504\/gregory-doucet\" target=\"_blank\" rel=\"noopener nofollow\">Gr\u00e9gory Doucet<\/a>, l&rsquo;art\u00e8re commer\u00e7ante principale, l&rsquo;avenue des Fr\u00e8res Lumi\u00e8re, s&rsquo;appr\u00eate \u00e0 changer ses habitudes.<\/p>\n<p>La M\u00e9tropole de Lyon annonce que le nouveau plan de circulation entrera en vigueur le samedi 30 ao\u00fbt. Cela fait suite \u00e0 la fin tr\u00e8s proche des travaux d&rsquo;am\u00e9nagement de la rue du Premier Film et de l&rsquo;avenue des Fr\u00e8res Lumi\u00e8re, entre la place Ambroise Courtois et la rue Saint-Maurice.<\/p>\n<p>Selon la collectivit\u00e9, ce plan de circulation \u00ab\u00a0permettra de conserver le trafic local tout en offrant une meilleure s\u00e9curit\u00e9 pour les pi\u00e9tons tr\u00e8s nombreux sur cet axe commer\u00e7ant\u00a0\u00bb.<\/p>\n<p>Alors, quels changements attendent les Lyonnais \u00e0 compter du 30 ao\u00fbt ?<br \/>\u00a0<br \/>Pour les automobilistes, il est possible d&#8217;emprunter l&rsquo;avenue des Fr\u00e8res Lumi\u00e8re depuis son origine boulevard des Tch\u00e9coslovaques. Mais arriv\u00e9 \u00e0 hauteur de la rue Sainte-Maurice, il faudra n\u00e9cessairement tourner \u00e0 gauche pour rejoindre la rue du Premier Film. La continuit\u00e9 automobile n&rsquo;existera donc plus.<\/p>\n<p><img loading=\"lazy\" decoding=\"async\" style=\"display: block; margin-left: auto; margin-right: auto;\" src=\"https:\/\/www.europesays.com\/fr\/wp-content\/uploads\/2025\/08\/plan-circulation-freres-lumiere-17704.png\" alt=\"\" width=\"600\" height=\"294\"\/><\/p>\n<p>Une coupure de la circulation sera effective \u00e0 cet endroit, mais pour mieux permettre aux v\u00e9hicules arrivant de la rue Sainte-Maurice de s&rsquo;engager sur l&rsquo;avenue et poursuivre jusqu&rsquo;\u00e0 la place Ambroise-Courtois.<\/p>\n<p>Dans le quartier, le sens de circulation de la rue Saint-Nestor sera invers\u00e9 de l\u2019Est vers l\u2019Ouest. Et une partie de la rue Louis Jouvet entre la rue Santos Dumont et la rue Chapuy est mise en sens unique, de l\u2019Est vers l\u2019Ouest.<\/p>\n<p>Les pi\u00e9tons sont d\u00e9sormais prioritaires sur l&rsquo;avenue du 8e arrondissement, les v\u00e9los circuleront en double sens, sans espace d\u00e9limit\u00e9, et les voitures devront rouler \u00e0 30 km\/h et peuvent d\u00e9passer les cyclistes si aucun v\u00e9lo n\u2019arrive en face.<\/p>\n<p>\u00ab\u00a0Ces changements r\u00e9pondent \u00e0 une r\u00e9organisation globale de la circulation dans le secteur. Des places de stationnement sont conserv\u00e9es sur la section entre la rue Louis Jouvet et la rue Saint-Maurice, les places de livraison sont maintenues et les places PMR seront plus nombreuses sur l\u2019ensemble de l\u2019avenue. Pour rappel, plus de 1000 places sont disponibles \u00e0 moins de 3 minutes \u00e0 pied de l\u2019avenue\u00a0\u00bb, poursuit la M\u00e9tropole de Lyon, qui sait que les commer\u00e7ants sont, pour la plupart, vent debout contre ce projet depuis son origine, et craignent de mettre rapidement la cl\u00e9 sous la porte.<\/p>\n<p>Il ne s&rsquo;agit que de la premi\u00e8re phase d&rsquo;am\u00e9nagement du secteur. La seconde partie des travaux a d\u00e9but\u00e9 et devra se poursuivre encore pendant un an. Les travaux d\u00e9buteront c\u00f4t\u00e9 impair de l\u2019avenue, en demi-chauss\u00e9e afin de maintenir la circulation des v\u00e9hicules le plus longtemps possible. Les interventions concernent la mise \u00e0 niveau des sols, la r\u00e9alisation des fosses pour les arbres, le pavage des trottoirs.<\/p>\n","protected":false},"excerpt":{"rendered":"Dans le 8e arrondissement o\u00f9 vit Gr\u00e9gory Doucet, l&rsquo;art\u00e8re commer\u00e7ante principale, l&rsquo;avenue des Fr\u00e8res Lumi\u00e8re, s&rsquo;appr\u00eate \u00e0 changer&hellip;\n","protected":false},"author":2,"featured_media":333930,"comment_status":"","ping_status":"","sticky":false,"template":"","format":"standard","meta":{"footnotes":""},"categories":[1889],"tags":[1111,11,2813,2190,2430,1109,251,1112,2811,1777,674,118,1011,27,1922,1110,1114,2428,2810,12,241,316,25,2812,517,800],"class_list":{"0":"post-333929","1":"post","2":"type-post","3":"status-publish","4":"format-standard","5":"has-post-thumbnail","7":"category-lyon","8":"tag-actu","9":"tag-actualites","10":"tag-article","11":"tag-asvel","12":"tag-auvergne-rhone-alpes","13":"tag-breves","14":"tag-culture","15":"tag-depeches","16":"tag-economique","17":"tag-eu","18":"tag-europe","19":"tag-faits-divers","20":"tag-fr","21":"tag-france","22":"tag-info","23":"tag-informations","24":"tag-infos","25":"tag-lyon","26":"tag-lyonmag","27":"tag-news","28":"tag-ol","29":"tag-politique","30":"tag-republique-francaise","31":"tag-sociale","32":"tag-sport","33":"tag-transports"},"share_on_mastodon":{"url":"https:\/\/pubeurope.com\/@fr\/115066896832106081","error":""},"_links":{"self":[{"href":"https:\/\/www.europesays.com\/fr\/wp-json\/wp\/v2\/posts\/333929","targetHints":{"allow":["GET"]}}],"collection":[{"href":"https:\/\/www.europesays.com\/fr\/wp-json\/wp\/v2\/posts"}],"about":[{"href":"https:\/\/www.europesays.com\/fr\/wp-json\/wp\/v2\/types\/post"}],"author":[{"embeddable":true,"href":"https:\/\/www.europesays.com\/fr\/wp-json\/wp\/v2\/users\/2"}],"replies":[{"embeddable":true,"href":"https:\/\/www.europesays.com\/fr\/wp-json\/wp\/v2\/comments?post=333929"}],"version-history":[{"count":0,"href":"https:\/\/www.europesays.com\/fr\/wp-json\/wp\/v2\/posts\/333929\/revisions"}],"wp:featuredmedia":[{"embeddable":true,"href":"https:\/\/www.europesays.com\/fr\/wp-json\/wp\/v2\/media\/333930"}],"wp:attachment":[{"href":"https:\/\/www.europesays.com\/fr\/wp-json\/wp\/v2\/media?parent=333929"}],"wp:term":[{"taxonomy":"category","embeddable":true,"href":"https:\/\/www.europesays.com\/fr\/wp-json\/wp\/v2\/categories?post=333929"},{"taxonomy":"post_tag","embeddable":true,"href":"https:\/\/www.europesays.com\/fr\/wp-json\/wp\/v2\/tags?post=333929"}],"curies":[{"name":"wp","href":"https:\/\/api.w.org\/{rel}","templated":true}]}}