{"id":333939,"date":"2025-08-21T13:09:09","date_gmt":"2025-08-21T13:09:09","guid":{"rendered":"https:\/\/www.europesays.com\/fr\/333939\/"},"modified":"2025-08-21T13:09:09","modified_gmt":"2025-08-21T13:09:09","slug":"des-vetements-et-bijoux-a-5-euros-ca-se-passe-dans-cette-friperie-dorleans","status":"publish","type":"post","link":"https:\/\/www.europesays.com\/fr\/333939\/","title":{"rendered":"Des v\u00eatements et bijoux \u00e0 5 euros, \u00e7a se passe dans cette friperie d&rsquo;Orl\u00e9ans"},"content":{"rendered":"<p>            Par<br \/>\n        <strong><br \/>\n            <a href=\"https:\/\/actu.fr\/auteur\/emilie-tournie\" title=\"Consulter tous les articles de Emilie Tournie\" target=\"_blank\" rel=\"noopener\">Emilie Tournie<\/a><br \/>\n        <\/strong><\/p>\n<p>        Publi\u00e9 le<\/p>\n<p>            21 ao\u00fbt 2025 \u00e0 14h02        <\/p>\n<p>Il est temps de chiner ! La friperie <a href=\"https:\/\/adjaceparis.fr\/\" target=\"_blank\" rel=\"noopener\">Adjace Paris<\/a> investit de nouveau le centre commercial Place d\u2019Arc \u00e0 <a href=\"https:\/\/actu.fr\/orleans\/\" target=\"_blank\" rel=\"noopener\">Orl\u00e9ans<\/a> (Loiret) <strong>du jeudi 21 ao\u00fbt au 4 septembre 2025<\/strong>.<\/p>\n<p class=\" wall-content\">Au menu : <strong>des v\u00eatements, des bijoux et de la maroquinerie vintage \u00e0 5\u20ac,<\/strong> r\u00e9partis sur plus de 200 m2.\u00a0<\/p>\n<p class=\" wall-content\">L\u2019occasion de d\u00e9nicher des pi\u00e8ces de <a href=\"https:\/\/actu.fr\/tag\/seconde-main\" target=\"_blank\" rel=\"noopener\">seconde main<\/a> <strong>allant des ann\u00e9es 70 jusqu\u2019aux ann\u00e9es 2000<\/strong>, de la taille 34 \u00e0 54, pour hommes mais aussi pour femmes.\u00a0<\/p>\n<p>\u2588Pratique : Vente \u00e9ph\u00e9m\u00e8re d\u2019Adjace Paris<br \/>Centre commercial Place d\u2019Arc, Orl\u00e9ans<br \/>Du 21 ao\u00fbt au 4 septembre 2025 de 10h \u00e0 20h et de 10h \u00e0 18h le dernier jour<\/p>\n<p class=\" wall-content\">Personnalisez votre actualit\u00e9 en ajoutant vos villes et m\u00e9dias en favori avec <a href=\"https:\/\/moncompte.actu.fr\" title=\"D\u00e9couvez Mon Actu\" rel=\"nofollow noopener\" data-trk=\"{&quot;cta&quot;:{&quot;action&quot;:&quot;https:\\\/\\\/moncompte.actu.fr&quot;,&quot;category&quot;:&quot;mon compte&quot;,&quot;from&quot;:&quot;article footer&quot;,&quot;name&quot;:&quot;Mon actu&quot;,&quot;type&quot;:&quot;cta&quot;}}\" target=\"_blank\">Mon Actu<\/a>.<\/p>\n","protected":false},"excerpt":{"rendered":"Par Emilie Tournie Publi\u00e9 le 21 ao\u00fbt 2025 \u00e0 14h02 Il est temps de chiner ! La friperie&hellip;\n","protected":false},"author":2,"featured_media":333940,"comment_status":"","ping_status":"","sticky":false,"template":"","format":"standard","meta":{"footnotes":""},"categories":[1888],"tags":[11,1777,674,1011,27,12,626,25,7167,104],"class_list":{"0":"post-333939","1":"post","2":"type-post","3":"status-publish","4":"format-standard","5":"has-post-thumbnail","7":"category-paris","8":"tag-actualites","9":"tag-eu","10":"tag-europe","11":"tag-fr","12":"tag-france","13":"tag-news","14":"tag-paris","15":"tag-republique-francaise","16":"tag-seconde-main","17":"tag-societe"},"share_on_mastodon":{"url":"https:\/\/pubeurope.com\/@fr\/115066920616247193","error":""},"_links":{"self":[{"href":"https:\/\/www.europesays.com\/fr\/wp-json\/wp\/v2\/posts\/333939","targetHints":{"allow":["GET"]}}],"collection":[{"href":"https:\/\/www.europesays.com\/fr\/wp-json\/wp\/v2\/posts"}],"about":[{"href":"https:\/\/www.europesays.com\/fr\/wp-json\/wp\/v2\/types\/post"}],"author":[{"embeddable":true,"href":"https:\/\/www.europesays.com\/fr\/wp-json\/wp\/v2\/users\/2"}],"replies":[{"embeddable":true,"href":"https:\/\/www.europesays.com\/fr\/wp-json\/wp\/v2\/comments?post=333939"}],"version-history":[{"count":0,"href":"https:\/\/www.europesays.com\/fr\/wp-json\/wp\/v2\/posts\/333939\/revisions"}],"wp:featuredmedia":[{"embeddable":true,"href":"https:\/\/www.europesays.com\/fr\/wp-json\/wp\/v2\/media\/333940"}],"wp:attachment":[{"href":"https:\/\/www.europesays.com\/fr\/wp-json\/wp\/v2\/media?parent=333939"}],"wp:term":[{"taxonomy":"category","embeddable":true,"href":"https:\/\/www.europesays.com\/fr\/wp-json\/wp\/v2\/categories?post=333939"},{"taxonomy":"post_tag","embeddable":true,"href":"https:\/\/www.europesays.com\/fr\/wp-json\/wp\/v2\/tags?post=333939"}],"curies":[{"name":"wp","href":"https:\/\/api.w.org\/{rel}","templated":true}]}}