{"id":333947,"date":"2025-08-21T13:13:21","date_gmt":"2025-08-21T13:13:21","guid":{"rendered":"https:\/\/www.europesays.com\/fr\/333947\/"},"modified":"2025-08-21T13:13:21","modified_gmt":"2025-08-21T13:13:21","slug":"indice-philly-fed-de-retour-juste-sous-zero","status":"publish","type":"post","link":"https:\/\/www.europesays.com\/fr\/333947\/","title":{"rendered":"indice Philly Fed de retour juste sous z\u00e9ro"},"content":{"rendered":"<p>        &#13;<br \/>\n            <img decoding=\"async\" src=\"https:\/\/www.europesays.com\/fr\/wp-content\/uploads\/2025\/07\/43-c.jpg\" alt=\"bourse Wall Street 30\"\/><\/p>\n<p>(Zonebourse.com) &#8211; L&rsquo;activit\u00e9 manufacturi\u00e8re dans la r\u00e9gion de Philadelphie a fl\u00e9chi ce mois-ci, selon les entreprises ayant r\u00e9pondu \u00e0 l&rsquo;enqu\u00eate de la Fed locale, l&rsquo;indice &lsquo;Philly Fed&rsquo; de diffusion de l&rsquo;activit\u00e9 g\u00e9n\u00e9rale courante \u00e9tant pass\u00e9 de +15,9 en juillet \u00e0 -0,3 en ao\u00fbt.<\/p>\n<p>Dans le d\u00e9tail, l&rsquo;indice des nouvelles commandes a plong\u00e9 en territoire n\u00e9gatif et celui des livraisons a \u00e9galement baiss\u00e9, mais est rest\u00e9 positif. L&rsquo;indice de l&#8217;emploi a continu\u00e9 de sugg\u00e9rer des augmentations globales.<\/p>\n<p>Les deux indices de prix (pay\u00e9s et re\u00e7us) sont demeur\u00e9s \u00e9lev\u00e9s. Enfin, les entreprises ont continu\u00e9 de s&rsquo;attendre \u00e0 une croissance au cours des six prochains mois, des attentes qui \u00e9taient un peu plus g\u00e9n\u00e9ralis\u00e9es.<\/p>\n<p>Copyright \u00a9 2025 Zonebourse.com &#8211; All rights reserved.<\/p>\n<p>&#13;<br \/>\n            &#13;<\/p>\n<p>Vous avez aim\u00e9 cet article ? Partagez-le avec vos amis avec les boutons ci-dessous.<\/p>\n<p>        <a target=\"_blank\" title=\"Twitter\" href=\"https:\/\/twitter.com\/share?url=https:\/\/www.abcbourse.com\/marches\/usa-indice-philly-fed-de-retour-juste-sous-zero_672674&amp;text=USA: indice Philly Fed de retour juste sous z\u00e9ro&amp;via=abcbourse\" rel=\"nofollow noopener\">&#13;<br \/>\n            <img decoding=\"async\" src=\"https:\/\/www.europesays.com\/fr\/wp-content\/uploads\/2025\/04\/share_twitter.png\" class=\"mr10\" alt=\"Twitter\"\/>&#13;<br \/>\n        <\/a><br \/>\n        <a target=\"_blank\" title=\"Facebook\" href=\"https:\/\/www.facebook.com\/sharer.php?u=https:\/\/www.abcbourse.com\/marches\/usa-indice-philly-fed-de-retour-juste-sous-zero_672674&amp;t=USA: indice Philly Fed de retour juste sous z\u00e9ro\" rel=\"nofollow noopener\">&#13;<br \/>\n            <img decoding=\"async\" src=\"https:\/\/www.europesays.com\/fr\/wp-content\/uploads\/2025\/04\/share_fb.png\" alt=\"Facebook\" class=\"mr10\"\/>&#13;<br \/>\n        <\/a><br \/>\n        <a target=\"_blank\" title=\"Linkedin\" href=\"https:\/\/www.linkedin.com\/shareArticle?mini=true&amp;url=https:\/\/www.abcbourse.com\/marches\/usa-indice-philly-fed-de-retour-juste-sous-zero_672674&amp;title=USA: indice Philly Fed de retour juste sous z\u00e9ro\" rel=\"nofollow noopener\">&#13;<br \/>\n            <img decoding=\"async\" src=\"https:\/\/www.europesays.com\/fr\/wp-content\/uploads\/2025\/04\/share_linkedin.png\" alt=\"Linkedin\" class=\"mr10\"\/>&#13;<br \/>\n        <\/a><br \/>\n        <a target=\"_blank\" title=\"Envoyer par mail\" href=\"mailto:?subject=USA: indice Philly Fed de retour juste sous z\u00e9ro&amp;body=https:\/\/www.abcbourse.com\/marches\/usa-indice-philly-fed-de-retour-juste-sous-zero_672674\" rel=\"nofollow\">&#13;<br \/>\n            <img decoding=\"async\" src=\"https:\/\/www.europesays.com\/fr\/wp-content\/uploads\/2025\/04\/share_email.png\" alt=\"email\"\/>&#13;<br \/>\n        <\/a><br \/>\n    <script async src=\"https:\/\/platform.twitter.com\/widgets.js\" charset=\"utf-8\"><\/script><\/p>\n","protected":false},"excerpt":{"rendered":"&#13; (Zonebourse.com) &#8211; L&rsquo;activit\u00e9 manufacturi\u00e8re dans la r\u00e9gion de Philadelphie a fl\u00e9chi ce mois-ci, selon les entreprises ayant&hellip;\n","protected":false},"author":2,"featured_media":272801,"comment_status":"","ping_status":"","sticky":false,"template":"","format":"standard","meta":{"footnotes":""},"categories":[1589],"tags":[11,73,1866,12,1864,1865,1863,308],"class_list":{"0":"post-333947","1":"post","2":"type-post","3":"status-publish","4":"format-standard","5":"has-post-thumbnail","7":"category-etats-unis","8":"tag-actualites","9":"tag-etats-unis","10":"tag-etats-unis-damerique","11":"tag-news","12":"tag-united-states","13":"tag-united-states-of-america","14":"tag-us","15":"tag-usa"},"share_on_mastodon":{"url":"https:\/\/pubeurope.com\/@fr\/115066936210760172","error":""},"_links":{"self":[{"href":"https:\/\/www.europesays.com\/fr\/wp-json\/wp\/v2\/posts\/333947","targetHints":{"allow":["GET"]}}],"collection":[{"href":"https:\/\/www.europesays.com\/fr\/wp-json\/wp\/v2\/posts"}],"about":[{"href":"https:\/\/www.europesays.com\/fr\/wp-json\/wp\/v2\/types\/post"}],"author":[{"embeddable":true,"href":"https:\/\/www.europesays.com\/fr\/wp-json\/wp\/v2\/users\/2"}],"replies":[{"embeddable":true,"href":"https:\/\/www.europesays.com\/fr\/wp-json\/wp\/v2\/comments?post=333947"}],"version-history":[{"count":0,"href":"https:\/\/www.europesays.com\/fr\/wp-json\/wp\/v2\/posts\/333947\/revisions"}],"wp:featuredmedia":[{"embeddable":true,"href":"https:\/\/www.europesays.com\/fr\/wp-json\/wp\/v2\/media\/272801"}],"wp:attachment":[{"href":"https:\/\/www.europesays.com\/fr\/wp-json\/wp\/v2\/media?parent=333947"}],"wp:term":[{"taxonomy":"category","embeddable":true,"href":"https:\/\/www.europesays.com\/fr\/wp-json\/wp\/v2\/categories?post=333947"},{"taxonomy":"post_tag","embeddable":true,"href":"https:\/\/www.europesays.com\/fr\/wp-json\/wp\/v2\/tags?post=333947"}],"curies":[{"name":"wp","href":"https:\/\/api.w.org\/{rel}","templated":true}]}}