{"id":333948,"date":"2025-08-21T13:14:11","date_gmt":"2025-08-21T13:14:11","guid":{"rendered":"https:\/\/www.europesays.com\/fr\/333948\/"},"modified":"2025-08-21T13:14:11","modified_gmt":"2025-08-21T13:14:11","slug":"le-royaume-uni-gele-les-avoirs-dun-magnat-iranien-du-petrole-et-de-quatre-entreprises","status":"publish","type":"post","link":"https:\/\/www.europesays.com\/fr\/333948\/","title":{"rendered":"Le Royaume-Uni g\u00e8le les avoirs d&rsquo;un magnat iranien du p\u00e9trole et de quatre entreprises"},"content":{"rendered":"<p>Le Royaume-Uni a impos\u00e9 jeudi des sanctions \u00e0 l&rsquo;encontre d&rsquo;une personne et de quatre entit\u00e9s dans le cadre de son r\u00e9gime de sanctions contre l&rsquo;Iran, affirmant qu&rsquo;elles font partie d&rsquo;un r\u00e9seau soutenant les activit\u00e9s ext\u00e9rieures de T\u00e9h\u00e9ran, notamment la \u00ab\u00a0d\u00e9stabilisation\u00a0\u00bb en Ukraine et en Isra\u00ebl.<\/p>\n<p>Les sanctions incluent un gel des avoirs du magnat iranien du p\u00e9trole Mohammad Hossein Shamkhani, ainsi que de quatre entreprises op\u00e9rant dans les secteurs du transport maritime, de la p\u00e9trochimie et de la finance, a indiqu\u00e9 le minist\u00e8re des Affaires \u00e9trang\u00e8res dans un communiqu\u00e9.<\/p>\n<p>Selon Londres, T\u00e9h\u00e9ran d\u00e9pend des revenus g\u00e9n\u00e9r\u00e9s par ces r\u00e9seaux commerciaux pour financer ses \u00ab\u00a0activit\u00e9s d\u00e9stabilisatrices\u00a0\u00bb, notamment le soutien \u00e0 des groupes affili\u00e9s et des menaces sur le sol britannique.<\/p>\n<p>\u00ab Aujourd&rsquo;hui, le Royaume-Uni annonce des sanctions contre ceux qui agissent au nom de l&rsquo;Iran, alimentant ses tentatives de saper la stabilit\u00e9 au Moyen-Orient et la s\u00e9curit\u00e9 mondiale \u00bb, a d\u00e9clar\u00e9 Hamish Falconer, ministre charg\u00e9 du Moyen-Orient.<\/p>\n<p>L&rsquo;ambassade d&rsquo;Iran \u00e0 Londres n&rsquo;a pas imm\u00e9diatement r\u00e9pondu \u00e0 la demande de commentaire de Reuters concernant ces nouvelles sanctions.<\/p>\n<p>Les \u00c9tats-Unis, qui ont sanctionn\u00e9 Shamkhani le mois dernier, affirment qu&rsquo;il contr\u00f4le un vaste r\u00e9seau de porte-conteneurs et de p\u00e9troliers via un syst\u00e8me complexe d&rsquo;interm\u00e9diaires qui vendent du p\u00e9trole iranien et russe ainsi que d&rsquo;autres marchandises \u00e0 travers le monde.<\/p>\n<p>Certaines des entreprises sanctionn\u00e9es mercredi par le Royaume-Uni ont \u00e9t\u00e9 cit\u00e9es pour avoir agi pour le compte ou sous la direction de Shamkhani, accus\u00e9 de soutenir les op\u00e9rations ext\u00e9rieures de l&rsquo;Iran. Shamkhani avait \u00e9galement \u00e9t\u00e9 sanctionn\u00e9 par l&rsquo;Union europ\u00e9enne en juillet.<\/p>\n<p>Le mois dernier, des parlementaires britanniques ont averti que l&rsquo;Iran repr\u00e9sentait une menace croissante et multiforme pour le Royaume-Uni. Bien que cette menace ne rivalise pas encore avec l&rsquo;ampleur de celles pos\u00e9es par la Russie ou la Chine, ils ont estim\u00e9 que le gouvernement \u00e9tait mal pr\u00e9par\u00e9 \u00e0 y faire face.<\/p>\n<p>Selon eux, la menace iranienne englobe des attaques physiques, des tentatives d&rsquo;assassinats visant des dissidents et des communaut\u00e9s juives, ainsi que de l&rsquo;espionnage, des op\u00e9rations cyber offensives et des efforts pour d\u00e9velopper des armes nucl\u00e9aires.<\/p>\n<p>L&rsquo;Iran a rejet\u00e9 ces accusations, les qualifiant d&rsquo;\u00ab infond\u00e9es, motiv\u00e9es politiquement et hostiles \u00bb.<\/p>\n","protected":false},"excerpt":{"rendered":"Le Royaume-Uni a impos\u00e9 jeudi des sanctions \u00e0 l&rsquo;encontre d&rsquo;une personne et de quatre entit\u00e9s dans le cadre&hellip;\n","protected":false},"author":2,"featured_media":48534,"comment_status":"","ping_status":"","sticky":false,"template":"","format":"standard","meta":{"footnotes":""},"categories":[1588],"tags":[11,340,1777,674,12,473,1853,1851,1850,1852],"class_list":{"0":"post-333948","1":"post","2":"type-post","3":"status-publish","4":"format-standard","5":"has-post-thumbnail","7":"category-royaume-uni","8":"tag-actualites","9":"tag-bourse","10":"tag-eu","11":"tag-europe","12":"tag-news","13":"tag-royaume-uni","14":"tag-royaume-uni-de-grande-bretagne-et-dirlande-du-nord","15":"tag-uk","16":"tag-united-kingdom","17":"tag-united-kingdom-of-great-britain-and-northern-ireland"},"share_on_mastodon":{"url":"https:\/\/pubeurope.com\/@fr\/115066939887284931","error":""},"_links":{"self":[{"href":"https:\/\/www.europesays.com\/fr\/wp-json\/wp\/v2\/posts\/333948","targetHints":{"allow":["GET"]}}],"collection":[{"href":"https:\/\/www.europesays.com\/fr\/wp-json\/wp\/v2\/posts"}],"about":[{"href":"https:\/\/www.europesays.com\/fr\/wp-json\/wp\/v2\/types\/post"}],"author":[{"embeddable":true,"href":"https:\/\/www.europesays.com\/fr\/wp-json\/wp\/v2\/users\/2"}],"replies":[{"embeddable":true,"href":"https:\/\/www.europesays.com\/fr\/wp-json\/wp\/v2\/comments?post=333948"}],"version-history":[{"count":0,"href":"https:\/\/www.europesays.com\/fr\/wp-json\/wp\/v2\/posts\/333948\/revisions"}],"wp:featuredmedia":[{"embeddable":true,"href":"https:\/\/www.europesays.com\/fr\/wp-json\/wp\/v2\/media\/48534"}],"wp:attachment":[{"href":"https:\/\/www.europesays.com\/fr\/wp-json\/wp\/v2\/media?parent=333948"}],"wp:term":[{"taxonomy":"category","embeddable":true,"href":"https:\/\/www.europesays.com\/fr\/wp-json\/wp\/v2\/categories?post=333948"},{"taxonomy":"post_tag","embeddable":true,"href":"https:\/\/www.europesays.com\/fr\/wp-json\/wp\/v2\/tags?post=333948"}],"curies":[{"name":"wp","href":"https:\/\/api.w.org\/{rel}","templated":true}]}}