{"id":333953,"date":"2025-08-21T13:17:11","date_gmt":"2025-08-21T13:17:11","guid":{"rendered":"https:\/\/www.europesays.com\/fr\/333953\/"},"modified":"2025-08-21T13:17:11","modified_gmt":"2025-08-21T13:17:11","slug":"accord-commercial-ue-etats-unis-les-vins-europeens-exclus-des-exemptions-douanieres","status":"publish","type":"post","link":"https:\/\/www.europesays.com\/fr\/333953\/","title":{"rendered":"Accord commercial UE-\u00c9tats-Unis : les vins europ\u00e9ens exclus des exemptions douani\u00e8res"},"content":{"rendered":"<p><strong>Les n\u00e9gociations entre Bruxelles et Washington aboutissent \u00e0 un compromis commercial asym\u00e9trique. Le secteur viticole europ\u00e9en, pourtant strat\u00e9gique, demeure soumis \u00e0 des taxes \u00e0 l\u2019importation sur le march\u00e9 am\u00e9ricain.<\/strong><\/p>\n<p>L\u2019Union europ\u00e9enne et les \u00c9tats-Unis ont officialis\u00e9 jeudi les termes d\u2019un accord commercial pr\u00e9voyant l\u2019application d\u2019un droit de douane de 15 % sur les v\u00e9hicules et produits pharmaceutiques europ\u00e9ens \u00e0 leur entr\u00e9e sur le territoire am\u00e9ricain. En revanche, les vins et spiritueux \u2014 dont les exportateurs fran\u00e7ais et italiens r\u00e9clamaient l\u2019exemption \u2014 resteront soumis \u00e0 cette taxation, une d\u00e9cision qualifi\u00e9e de d\u00e9cevante par les professionnels du secteur.<\/p>\n<p>Le commissaire europ\u00e9en au Commerce a reconnu que les discussions n\u2019avaient pas permis d\u2019inclure les vins dans la liste des exemptions, tout en laissant entendre que des pourparlers pourraient reprendre ult\u00e9rieurement. Il a toutefois temp\u00e9r\u00e9 tout optimisme excessif, soulignant la complexit\u00e9 des n\u00e9gociations et refusant de formuler des engagements pr\u00e9matur\u00e9s.<\/p>\n<p>Pour la fili\u00e8re viticole, notamment bordelaise, cette annonce constitue un revers significatif. Les \u00c9tats-Unis repr\u00e9sentent le premier march\u00e9 \u00e0 l\u2019exportation pour de nombreux producteurs, qui redoutent une erosion de leur comp\u00e9titivit\u00e9. Si la taxation retenue s\u2019av\u00e8re moins \u00e9lev\u00e9e que certaines menaces brandies ant\u00e9rieurement \u2014 allant jusqu\u2019\u00e0 200 % \u2014, elle n\u2019en demeure pas moins un frein suppl\u00e9mentaire aux \u00e9changes.<\/p>\n<p>Cet accord, conclu fin juillet apr\u00e8s des mois de tractations intenses, s\u2019inscrit dans un contexte g\u00e9opolitique tendu, o\u00f9 les questions commerciales croisent les enjeux de s\u00e9curit\u00e9 internationale. Outre les dispositions tarifaires, l\u2019UE s\u2019est engag\u00e9e \u00e0 r\u00e9aliser d\u2019importants achats d\u2019\u00e9nergie et des investissements suppl\u00e9mentaires aux \u00c9tats-Unis, pour un montant total de 1 350 milliards de dollars.<\/p>\n<p>La pr\u00e9sidente de la Commission europ\u00e9enne a salu\u00e9 un cadre offrant une \u00ab pr\u00e9visibilit\u00e9 \u00bb pour les op\u00e9rateurs \u00e9conomiques, malgr\u00e9 les critiques \u00e9mises par certains \u00c9tats membres et acteurs industriels. L\u2019ex\u00e9cutif europ\u00e9en justifie cet accord en le pr\u00e9sentant comme le meilleur compromis possible face aux pressions commerciales am\u00e9ricaines.<\/p>\n","protected":false},"excerpt":{"rendered":"Les n\u00e9gociations entre Bruxelles et Washington aboutissent \u00e0 un compromis commercial asym\u00e9trique. Le secteur viticole europ\u00e9en, pourtant strat\u00e9gique,&hellip;\n","protected":false},"author":2,"featured_media":333954,"comment_status":"","ping_status":"","sticky":false,"template":"","format":"standard","meta":{"footnotes":""},"categories":[1586],"tags":[11,1777,674,1779,1011,27,12,25,1778,364],"class_list":{"0":"post-333953","1":"post","2":"type-post","3":"status-publish","4":"format-standard","5":"has-post-thumbnail","7":"category-europe","8":"tag-actualites","9":"tag-eu","10":"tag-europe","11":"tag-european-union","12":"tag-fr","13":"tag-france","14":"tag-news","15":"tag-republique-francaise","16":"tag-ue","17":"tag-union-europeenne"},"share_on_mastodon":{"url":"https:\/\/pubeurope.com\/@fr\/115066951680919336","error":""},"_links":{"self":[{"href":"https:\/\/www.europesays.com\/fr\/wp-json\/wp\/v2\/posts\/333953","targetHints":{"allow":["GET"]}}],"collection":[{"href":"https:\/\/www.europesays.com\/fr\/wp-json\/wp\/v2\/posts"}],"about":[{"href":"https:\/\/www.europesays.com\/fr\/wp-json\/wp\/v2\/types\/post"}],"author":[{"embeddable":true,"href":"https:\/\/www.europesays.com\/fr\/wp-json\/wp\/v2\/users\/2"}],"replies":[{"embeddable":true,"href":"https:\/\/www.europesays.com\/fr\/wp-json\/wp\/v2\/comments?post=333953"}],"version-history":[{"count":0,"href":"https:\/\/www.europesays.com\/fr\/wp-json\/wp\/v2\/posts\/333953\/revisions"}],"wp:featuredmedia":[{"embeddable":true,"href":"https:\/\/www.europesays.com\/fr\/wp-json\/wp\/v2\/media\/333954"}],"wp:attachment":[{"href":"https:\/\/www.europesays.com\/fr\/wp-json\/wp\/v2\/media?parent=333953"}],"wp:term":[{"taxonomy":"category","embeddable":true,"href":"https:\/\/www.europesays.com\/fr\/wp-json\/wp\/v2\/categories?post=333953"},{"taxonomy":"post_tag","embeddable":true,"href":"https:\/\/www.europesays.com\/fr\/wp-json\/wp\/v2\/tags?post=333953"}],"curies":[{"name":"wp","href":"https:\/\/api.w.org\/{rel}","templated":true}]}}