{"id":333957,"date":"2025-08-21T13:19:14","date_gmt":"2025-08-21T13:19:14","guid":{"rendered":"https:\/\/www.europesays.com\/fr\/333957\/"},"modified":"2025-08-21T13:19:14","modified_gmt":"2025-08-21T13:19:14","slug":"emmanuel-et-brigitte-macron-soffrent-une-villa-avec-vue-mer-au-touquet","status":"publish","type":"post","link":"https:\/\/www.europesays.com\/fr\/333957\/","title":{"rendered":"Emmanuel et Brigitte Macron s\u2019offrent une villa avec vue mer au Touquet"},"content":{"rendered":"<p>Le projet que le <a href=\"https:\/\/www.20minutes.fr\/politique\/emmanuel-macron\/\" class=\"c-link c-link--is-underlined\" rel=\"nofollow noopener\" target=\"_blank\">pr\u00e9sident de la R\u00e9publique<\/a> et son \u00e9pouse avaient de se payer une villa avec vue sur la mer, au Touquet, vient de se concr\u00e9tiser. Selon le <a href=\"https:\/\/immobilier.lefigaro.fr\/article\/voila-a-quoi-ressemble-la-nouvelle-villa-d-emmanuel-et-de-brigitte-macron-au-touquet-20250821\" rel=\"nofollow noopener\" target=\"_blank\" class=\"c-link c-link--is-underlined\">Figaro<\/a>, le couple Macron est d\u00e9sormais propri\u00e9taire d\u2019une \u00ab\u00a0petite\u00a0\u00bb maison de briques rouges, plus discr\u00e8te et plus \u00e9loign\u00e9e du centre-ville que leur historique propri\u00e9t\u00e9, <a href=\"https:\/\/www.20minutes.fr\/societe\/4138365-20250212-calais-ca-dirait-payer-maison-familiale-brigitte-emmanuel-macron-touquet\" class=\"c-link c-link--is-underlined\" rel=\"nofollow noopener\" target=\"_blank\">la villa Mon\u00e9jan<\/a>.<\/p>\n<p>En d\u00e9but d\u2019ann\u00e9e, l\u2019information avait fuit\u00e9 et les agents immobiliers de la c\u00e9l\u00e8bre station baln\u00e9aire du Pas-de-Calais \u00e9taient au taquet\u00a0: Emmanuel et Brigitte Macron mettaient en vente la maison familiale de cette derni\u00e8re. L\u2019imposante villa Mon\u00e9jan, devenue un lieu d\u2019attraction touristique depuis l\u2019\u00e9lection d\u2019Emmanuel Macron, ne correspondait plus aux attentes de tranquillit\u00e9 du couple lorsqu\u2019il d\u00e9barquait au Touquet.<\/p>\n<p>Vue mer, mais calme relatif<\/p>\n<p>Le bruit courait aussi que, si les Macron ne souhaitaient pas quitter la station baln\u00e9aire, ils voulaient y d\u00e9goter une villa dans un endroit plus calme, excentr\u00e9 et en bord de mer. C\u2019est fait, du moins en partie. En achetant la maison du 67 boulevard Jules Pouget, le couple pr\u00e9sidentiel a d\u00e9sormais sa vue mer. En revanche, leur nouvelle adresse n\u2019est situ\u00e9e qu\u2019\u00e0 environ 300\u00a0m de l\u2019ancienne, juste \u00e0 c\u00f4t\u00e9 de la tr\u00e8s fr\u00e9quent\u00e9e rue Saint-Jean et face \u00e0 la plage la plus touristique du coin.<\/p>\n<\/p>\n<p>La villa Mon\u00e9jan, elle, n\u2019est pas encore vendue. On ignore aussi le prix de leur nouvelle acquisition, la transaction n\u2019ayant pas encore \u00e9t\u00e9 r\u00e9pertori\u00e9e sur le site gouvernemental DVF. Mais les transactions r\u00e9centes dans ce secteur montrent des prix alignant six z\u00e9ros derri\u00e8re le premier chiffre.<\/p>\n<p><a href=\"https:\/\/www.20minutes.fr\/economie\/immobilier\/\" class=\"c-link c-btn c-btn--primary\" rel=\"nofollow noopener\" target=\"_blank\">Notre dossier immobilier<\/a><\/p>\n<p>Sur la villa en question, on sait peu de choses. Selon nos informations, la surface du terrain est de 290\u00a0m2 pour 111\u00a0m2 de surface au sol habitable. La maison dispose d\u2019un rez-de-chauss\u00e9e, de trois \u00e9tages et d\u2019un grenier am\u00e9nag\u00e9. A l\u2019arri\u00e8re, les \u00e9poux Macron pourront faire des ap\u00e9ros dans un jardin de 86\u00a0m2 au fond duquel se trouve un cabanon d\u2019environ 20\u00a0m2 qui ne figure cependant pas au cadastre. Selon le Figaro, un permis de construire a toutefois \u00e9t\u00e9 d\u00e9pos\u00e9 pour r\u00e9nover la villa et lui ajouter une extension.<\/p>\n","protected":false},"excerpt":{"rendered":"Le projet que le pr\u00e9sident de la R\u00e9publique et son \u00e9pouse avaient de se payer une villa avec&hellip;\n","protected":false},"author":2,"featured_media":333958,"comment_status":"","ping_status":"","sticky":false,"template":"","format":"standard","meta":{"footnotes":""},"categories":[2],"tags":[47,11,986,1073,1011,27,811,1116,2142,12,1309,23862,25,104],"class_list":{"0":"post-333957","1":"post","2":"type-post","3":"status-publish","4":"format-standard","5":"has-post-thumbnail","7":"category-actualites","8":"tag-actualite","9":"tag-actualites","10":"tag-brigitte-macron","11":"tag-emmanuel-macron","12":"tag-fr","13":"tag-france","14":"tag-hauts-de-france","15":"tag-immobilier","16":"tag-maison","17":"tag-news","18":"tag-nord-pas-de-calais","19":"tag-pas-de-calais","20":"tag-republique-francaise","21":"tag-societe"},"share_on_mastodon":{"url":"https:\/\/pubeurope.com\/@fr\/115066959555179162","error":""},"_links":{"self":[{"href":"https:\/\/www.europesays.com\/fr\/wp-json\/wp\/v2\/posts\/333957","targetHints":{"allow":["GET"]}}],"collection":[{"href":"https:\/\/www.europesays.com\/fr\/wp-json\/wp\/v2\/posts"}],"about":[{"href":"https:\/\/www.europesays.com\/fr\/wp-json\/wp\/v2\/types\/post"}],"author":[{"embeddable":true,"href":"https:\/\/www.europesays.com\/fr\/wp-json\/wp\/v2\/users\/2"}],"replies":[{"embeddable":true,"href":"https:\/\/www.europesays.com\/fr\/wp-json\/wp\/v2\/comments?post=333957"}],"version-history":[{"count":0,"href":"https:\/\/www.europesays.com\/fr\/wp-json\/wp\/v2\/posts\/333957\/revisions"}],"wp:featuredmedia":[{"embeddable":true,"href":"https:\/\/www.europesays.com\/fr\/wp-json\/wp\/v2\/media\/333958"}],"wp:attachment":[{"href":"https:\/\/www.europesays.com\/fr\/wp-json\/wp\/v2\/media?parent=333957"}],"wp:term":[{"taxonomy":"category","embeddable":true,"href":"https:\/\/www.europesays.com\/fr\/wp-json\/wp\/v2\/categories?post=333957"},{"taxonomy":"post_tag","embeddable":true,"href":"https:\/\/www.europesays.com\/fr\/wp-json\/wp\/v2\/tags?post=333957"}],"curies":[{"name":"wp","href":"https:\/\/api.w.org\/{rel}","templated":true}]}}