{"id":333961,"date":"2025-08-21T13:21:13","date_gmt":"2025-08-21T13:21:13","guid":{"rendered":"https:\/\/www.europesays.com\/fr\/333961\/"},"modified":"2025-08-21T13:21:13","modified_gmt":"2025-08-21T13:21:13","slug":"les-golfs-de-lindre-face-a-la-secheresse-et-aux-restrictions-deau","status":"publish","type":"post","link":"https:\/\/www.europesays.com\/fr\/333961\/","title":{"rendered":"les golfs de l\u2019Indre face \u00e0 la s\u00e9cheresse et aux restrictions d\u2019eau"},"content":{"rendered":"<p>Quand la pluie vient \u00e0 manquer, l\u2019entretien des espaces verts devient une t\u00e2che complexe. Tr\u00e8s largement concern\u00e9s, les terrains de golf sont parmi les premi\u00e8res victimes des vagues de canicule et de s\u00e9cheresse. Face aux restrictions impos\u00e9es sur la consommation de l\u2019eau, l\u2019actuelle situation v\u00e9cue par les golfs de l\u2019Indre oblige de repenser l\u2019entretien des parcours.<\/p>\n<p>\u00ab\u00a0La s\u00e9cheresse pousse \u00e0 diminuer l\u2019entretien et \u00e0 laisser le golf jaunir\u00a0\u00bb, constate Chiara Speroni, responsable commerciale \u00e0 l\u2019h\u00f4tel du domaine des Dryades qui g\u00e8re le golf \u00e9ponyme. Sur ce parcours de <a target=\"_self\" href=\"https:\/\/www.lanouvellerepublique.fr\/indre\/commune\/pouligny-notre-dame\/a-l-eau-sport-et-adrenaline-au-teleski-nautique-de-pouligny-notre-dame-1755261471\" rel=\"noopener\">la commune de Pouligny-Notre-Dame<\/a>, la verdure est un lointain souvenir rappelant le printemps et l\u2019automne. En cette p\u00e9riode estivale, le terrain s\u2019est tr\u00e8s largement ass\u00e9ch\u00e9, des fairways jusqu\u2019aux greens, rendant les conditions de jeu tr\u00e8s d\u00e9licates. Pour l\u2019\u00e9tablissement, le manque d\u2019eau n\u00e9cessite de revoir la tonte de la pelouse, face aux risques de d\u00e9parts de feu. \u00ab\u00a0En juillet, on a d\u00e9j\u00e0 eu des fum\u00e9es rapidement \u00e9teintes, mais qui auraient pu menacer une partie du parcours\u00a0\u00bb, d\u00e9crit Chiara Speroni&#8230;. <\/p>\n<p>    Cet article a \u00e9t\u00e9 tronqu\u00e9. Abonnez-vous pour lire l&rsquo;article complet sur notre site.<\/p>\n<p style=\"margin: 0 !important; padding: 0 !important; font-size: 12px !important;\">Cet article a \u00e9t\u00e9 tronqu\u00e9. Abonnez-vous pour lire l&rsquo;article complet.<\/p>\n<p>    <a href=\"https:\/\/www.lanouvellerepublique.fr\/abonnements\" style=\"display: inline-block; margin-top: 5px !important; padding: 6px 12px !important; background: #cb1c27; color: white; text-decoration: none; border-radius: 4px; font-size: 12px !important;\" target=\"_blank\" rel=\"noopener\"><br \/>\n      S&rsquo;abonner<br \/>\n    <\/a><\/p>\n","protected":false},"excerpt":{"rendered":"Quand la pluie vient \u00e0 manquer, l\u2019entretien des espaces verts devient une t\u00e2che complexe. Tr\u00e8s largement concern\u00e9s, les&hellip;\n","protected":false},"author":2,"featured_media":333962,"comment_status":"","ping_status":"","sticky":false,"template":"","format":"standard","meta":{"footnotes":""},"categories":[1418],"tags":[1392,47118,6698,436,1011,27,1472,1393,4387,47117,12817,60,30822],"class_list":{"0":"post-333961","1":"post","2":"type-post","3":"status-publish","4":"format-standard","5":"has-post-thumbnail","7":"category-golf","8":"tag-a-la-une-local","9":"tag-belabre","10":"tag-canicule","11":"tag-environnement","12":"tag-fr","13":"tag-france","14":"tag-golf","15":"tag-loisirs","16":"tag-loisirs-sportifs","17":"tag-pouligny-notre-dame","18":"tag-secheresse","19":"tag-sports","20":"tag-villedieu-sur-indre"},"share_on_mastodon":{"url":"https:\/\/pubeurope.com\/@fr\/115066967387267625","error":""},"_links":{"self":[{"href":"https:\/\/www.europesays.com\/fr\/wp-json\/wp\/v2\/posts\/333961","targetHints":{"allow":["GET"]}}],"collection":[{"href":"https:\/\/www.europesays.com\/fr\/wp-json\/wp\/v2\/posts"}],"about":[{"href":"https:\/\/www.europesays.com\/fr\/wp-json\/wp\/v2\/types\/post"}],"author":[{"embeddable":true,"href":"https:\/\/www.europesays.com\/fr\/wp-json\/wp\/v2\/users\/2"}],"replies":[{"embeddable":true,"href":"https:\/\/www.europesays.com\/fr\/wp-json\/wp\/v2\/comments?post=333961"}],"version-history":[{"count":0,"href":"https:\/\/www.europesays.com\/fr\/wp-json\/wp\/v2\/posts\/333961\/revisions"}],"wp:featuredmedia":[{"embeddable":true,"href":"https:\/\/www.europesays.com\/fr\/wp-json\/wp\/v2\/media\/333962"}],"wp:attachment":[{"href":"https:\/\/www.europesays.com\/fr\/wp-json\/wp\/v2\/media?parent=333961"}],"wp:term":[{"taxonomy":"category","embeddable":true,"href":"https:\/\/www.europesays.com\/fr\/wp-json\/wp\/v2\/categories?post=333961"},{"taxonomy":"post_tag","embeddable":true,"href":"https:\/\/www.europesays.com\/fr\/wp-json\/wp\/v2\/tags?post=333961"}],"curies":[{"name":"wp","href":"https:\/\/api.w.org\/{rel}","templated":true}]}}