{"id":333967,"date":"2025-08-21T13:24:11","date_gmt":"2025-08-21T13:24:11","guid":{"rendered":"https:\/\/www.europesays.com\/fr\/333967\/"},"modified":"2025-08-21T13:24:11","modified_gmt":"2025-08-21T13:24:11","slug":"us-open-casper-ruud-sur-swiatek-jetais-a-la-salle-de-sport-en-train-de-travailler-je-regardais-iga-et-je-me-disais-cest-une-determination-que-je-nai-jamais-vue-auparavant","status":"publish","type":"post","link":"https:\/\/www.europesays.com\/fr\/333967\/","title":{"rendered":"US Open > Casper Ruud sur Swiatek : \u00ab\u00a0J&rsquo;\u00e9tais \u00e0 la salle de sport en train de travailler, je regardais Iga et je me disais : &lsquo;c&rsquo;est une d\u00e9termination que je n&rsquo;ai jamais vue auparavant'\u00a0\u00bb"},"content":{"rendered":"<p><a href=\"https:\/\/www.welovetennis.fr\/us-open\/le-sacre-symbolique-derrani-et-vavassori-cette-victoire-est-pour-tous-les-joueurs-de-double-qui-nont-pas-pu-disputer-ce-tournoi\" data-wpel-link=\"internal\" rel=\"nofollow noopener\" target=\"_blank\">Battu aux c\u00f4t\u00e9s d\u2019Iga Swiatek en finale du double mixte revi\u00adsit\u00e9 de l\u2019US Open<\/a>, Casper Ruud a rendu hommage \u00e0 sa parte\u00adnaire, qui avait encha\u00een\u00e9 d\u00e8s mardi apr\u00e8s son titre d\u00e9croch\u00e9 lundi \u00e0 Cincinnati.\u00a0<\/p>\n<p><strong>\u00ab\u202fJ\u2019\u00e9tais \u00e0 la salle de sport en train de travailler, je regar\u00addais Iga et je me disais\u00a0: \u2018C\u2019est une d\u00e9ter\u00admi\u00adna\u00adtion que je n\u2019ai jamais vue aupa\u00adra\u00advant\u2019. J\u2019ai \u00e9t\u00e9 tr\u00e8s impres\u00adsionn\u00e9 et je suis vrai\u00adment heureux qu\u2019elle ait voulu jouer\u202f\u00bb<\/strong>, a d\u00e9clar\u00e9 le triple fina\u00adliste en Grand Chelem dans des propos relay\u00e9s par <a href=\"https:\/\/tennisuptodate.com\/wta\/this-is-determination-ive-never-seen-before-casper-ruud-exalts-iga-swiatek-who-offers-insight-on-insane-turnover-from-cincinnati-final?twit=853\" data-wpel-link=\"external\" target=\"_blank\" rel=\"nofollow external noopener\">Tennis Uptodate<\/a>. <\/p>\n<p class=\"post-published-date\" style=\"color: silver; font-size: 75%; text-align: left;\">Publi\u00e9 le jeudi 21 ao\u00fbt 2025 \u00e0 13:44<\/p>\n","protected":false},"excerpt":{"rendered":"Battu aux c\u00f4t\u00e9s d\u2019Iga Swiatek en finale du double mixte revi\u00adsit\u00e9 de l\u2019US Open, Casper Ruud a rendu&hellip;\n","protected":false},"author":2,"featured_media":333968,"comment_status":"","ping_status":"","sticky":false,"template":"","format":"standard","meta":{"footnotes":""},"categories":[1415],"tags":[1011,27,2200,60,1467],"class_list":{"0":"post-333967","1":"post","2":"type-post","3":"status-publish","4":"format-standard","5":"has-post-thumbnail","7":"category-tennis","8":"tag-fr","9":"tag-france","10":"tag-iga-swiatek","11":"tag-sports","12":"tag-tennis"},"share_on_mastodon":{"url":"https:\/\/pubeurope.com\/@fr\/115066979178728151","error":""},"_links":{"self":[{"href":"https:\/\/www.europesays.com\/fr\/wp-json\/wp\/v2\/posts\/333967","targetHints":{"allow":["GET"]}}],"collection":[{"href":"https:\/\/www.europesays.com\/fr\/wp-json\/wp\/v2\/posts"}],"about":[{"href":"https:\/\/www.europesays.com\/fr\/wp-json\/wp\/v2\/types\/post"}],"author":[{"embeddable":true,"href":"https:\/\/www.europesays.com\/fr\/wp-json\/wp\/v2\/users\/2"}],"replies":[{"embeddable":true,"href":"https:\/\/www.europesays.com\/fr\/wp-json\/wp\/v2\/comments?post=333967"}],"version-history":[{"count":0,"href":"https:\/\/www.europesays.com\/fr\/wp-json\/wp\/v2\/posts\/333967\/revisions"}],"wp:featuredmedia":[{"embeddable":true,"href":"https:\/\/www.europesays.com\/fr\/wp-json\/wp\/v2\/media\/333968"}],"wp:attachment":[{"href":"https:\/\/www.europesays.com\/fr\/wp-json\/wp\/v2\/media?parent=333967"}],"wp:term":[{"taxonomy":"category","embeddable":true,"href":"https:\/\/www.europesays.com\/fr\/wp-json\/wp\/v2\/categories?post=333967"},{"taxonomy":"post_tag","embeddable":true,"href":"https:\/\/www.europesays.com\/fr\/wp-json\/wp\/v2\/tags?post=333967"}],"curies":[{"name":"wp","href":"https:\/\/api.w.org\/{rel}","templated":true}]}}