{"id":333971,"date":"2025-08-21T13:27:10","date_gmt":"2025-08-21T13:27:10","guid":{"rendered":"https:\/\/www.europesays.com\/fr\/333971\/"},"modified":"2025-08-21T13:27:10","modified_gmt":"2025-08-21T13:27:10","slug":"remco-evenepoel-retrouvera-la-competition-au-tour-de-grande-bretagne","status":"publish","type":"post","link":"https:\/\/www.europesays.com\/fr\/333971\/","title":{"rendered":"Remco Evenepoel retrouvera la comp\u00e9tition au Tour de Grande-Bretagne"},"content":{"rendered":"<p>Un mois et demi apr\u00e8s son abandon dans le Tour de France, Remco Evenepoel (Soudal Quick-Step) sera en selle \u00e0 partir du 2 septembre.<\/p>\n<p class=\"fig-paragraph\">On l\u2019avait quitt\u00e9\u00a0<a href=\"http:\/\/www.lefigaro.fr\/sports\/cyclisme\/tour-de-france\/tour-de-france-coup-de-tonnerre-remco-evenepoel-contraint-a-l-abandon-20250719\" data-fig-type=\"NewsFlash\" data-gtm-custom-categorie=\"navigation\" data-gtm-custom-action=\"crossclick\" data-gtm-custom-label=\"Contextuel\" data-gtm-event=\"customEventSPE\" data-fig-domain=\"LEFIGARO\" target=\"_blank\" rel=\"noopener\">sur un abandon en pleine 14e \u00e9tape<\/a>\u00a0du Tour de France, \u00e9puis\u00e9 et victime d\u2019une fracture d\u2019une c\u00f4te. Remco Evenepoel, le leader de la formation Soudal Quick-Step, va effectuer son grand retour \u00e0 la comp\u00e9tition \u00e0 partir du 2 septembre prochain au Tour de Grande-Bretagne. Il avait repris le chemin de l\u2019entra\u00eenement au d\u00e9but du mois d\u2019ao\u00fbt.<\/p>\n<p class=\"fig-paragraph\">Le champion olympique belge, troisi\u00e8me du Tour de France 2024, s\u2019\u00e9lancera pour une semaine de course (six \u00e9tapes) face \u00e0 plusieurs t\u00eates d\u2019affiche du cyclisme dans le peloton\u00a0: Julian Alaphilippe et l\u2019Italien Matteo Trentin (Tudor), le Britannique Ben Swift (Ineos Grenadiers), le Norv\u00e9gien Rasmus Tillier (Uno-X Mobility) ou encore l\u2019Irlandais Sam Bennett (Decathlon AG2R La Mondiale).<\/p>\n<p>                                    <a class=\"fig-a11y-skip a11y-hidden\" href=\"#fig-a11y-skip-main-inarticle\"><br \/>\n        Passer la publicit\u00e9<br \/>\n    <\/a><\/p>\n<p>Une des derni\u00e8res apparitions avec son \u00e9quipe<\/p>\n<p class=\"fig-paragraph\">Remco Evenepoel avait pris part \u00e0 l\u2019\u00e9dition 2024 du Tour de Grande-Bretagne qu\u2019il avait achev\u00e9 \u00e0 la 28e place du classement g\u00e9n\u00e9ral apr\u00e8s son double sacre aux Jeux olympiques de Paris 2024. Il s\u2019agira sans doute de l\u2019une des derni\u00e8res apparitions du coureur sous les couleurs de la formation Soudal Quick-Step puisque qu\u2019il p\u00e9dalera\u00a0<a href=\"http:\/\/www.lefigaro.fr\/sports\/cyclisme\/cyclisme-le-double-champion-olympique-remco-evenepoel-rejoint-red-bull-bora-des-2026-20250805\" data-fig-type=\"NewsFlash\" data-gtm-custom-categorie=\"navigation\" data-gtm-custom-action=\"crossclick\" data-gtm-custom-label=\"Contextuel\" data-gtm-event=\"customEventSPE\" data-fig-domain=\"LEFIGARO\" target=\"_blank\" rel=\"noopener\">avec le maillot de la Red Bull-BORA-hansgrohe en 2026<\/a>.<\/p>\n","protected":false},"excerpt":{"rendered":"Un mois et demi apr\u00e8s son abandon dans le Tour de France, Remco Evenepoel (Soudal Quick-Step) sera en&hellip;\n","protected":false},"author":2,"featured_media":333972,"comment_status":"","ping_status":"","sticky":false,"template":"","format":"standard","meta":{"footnotes":""},"categories":[1412],"tags":[1451,1452,1453,1454,1455,1011,27,11697,60],"class_list":{"0":"post-333971","1":"post","2":"type-post","3":"status-publish","4":"format-standard","5":"has-post-thumbnail","7":"category-f1","8":"tag-f1","9":"tag-formula-1","10":"tag-formula1","11":"tag-formule-1","12":"tag-formule1","13":"tag-fr","14":"tag-france","15":"tag-remco-evenepoel","16":"tag-sports"},"share_on_mastodon":{"url":"https:\/\/pubeurope.com\/@fr\/115066990983244956","error":""},"_links":{"self":[{"href":"https:\/\/www.europesays.com\/fr\/wp-json\/wp\/v2\/posts\/333971","targetHints":{"allow":["GET"]}}],"collection":[{"href":"https:\/\/www.europesays.com\/fr\/wp-json\/wp\/v2\/posts"}],"about":[{"href":"https:\/\/www.europesays.com\/fr\/wp-json\/wp\/v2\/types\/post"}],"author":[{"embeddable":true,"href":"https:\/\/www.europesays.com\/fr\/wp-json\/wp\/v2\/users\/2"}],"replies":[{"embeddable":true,"href":"https:\/\/www.europesays.com\/fr\/wp-json\/wp\/v2\/comments?post=333971"}],"version-history":[{"count":0,"href":"https:\/\/www.europesays.com\/fr\/wp-json\/wp\/v2\/posts\/333971\/revisions"}],"wp:featuredmedia":[{"embeddable":true,"href":"https:\/\/www.europesays.com\/fr\/wp-json\/wp\/v2\/media\/333972"}],"wp:attachment":[{"href":"https:\/\/www.europesays.com\/fr\/wp-json\/wp\/v2\/media?parent=333971"}],"wp:term":[{"taxonomy":"category","embeddable":true,"href":"https:\/\/www.europesays.com\/fr\/wp-json\/wp\/v2\/categories?post=333971"},{"taxonomy":"post_tag","embeddable":true,"href":"https:\/\/www.europesays.com\/fr\/wp-json\/wp\/v2\/tags?post=333971"}],"curies":[{"name":"wp","href":"https:\/\/api.w.org\/{rel}","templated":true}]}}