{"id":333975,"date":"2025-08-21T13:29:14","date_gmt":"2025-08-21T13:29:14","guid":{"rendered":"https:\/\/www.europesays.com\/fr\/333975\/"},"modified":"2025-08-21T13:29:14","modified_gmt":"2025-08-21T13:29:14","slug":"luis-enrique-un-clin-doeil-a-donnarumma-et-une-annonce-sur-la-fin-du-mercato","status":"publish","type":"post","link":"https:\/\/www.europesays.com\/fr\/333975\/","title":{"rendered":"Luis Enrique, un clin d\u2019\u0153il \u00e0 Donnarumma et une annonce sur la fin du Mercato\u00a0!"},"content":{"rendered":"<p><strong>Luis Enrique \u00e9tait pr\u00e9sent en conf\u00e9rence de presse au <a href=\"https:\/\/www.butfootballclub.fr\/614477-psg-mercato-enfin-un-indesirable-en-moins-a-paris\/\" rel=\"noopener\" target=\"_blank\">PSG<\/a> \u00e0 la veille de la r\u00e9ception du SCO d\u2019Angers pour le compte de la deuxi\u00e8me journ\u00e9e de Ligue 1 (20h45).<\/strong><\/p>\n<p>Si Luis Enrique a tenu \u00e0 s\u2019exprimer en fran\u00e7ais en conf\u00e9rence de presse, il a rapidement \u00e9t\u00e9 interrog\u00e9 sur Lucas Chevalier\u00a0mais aussi sur le premier match \u00e0 domicile de la saison. \u00ab Le Parc et nos supporters nous ont beaucoup manqu\u00e9\u00a0\u00bb, a affirm\u00e9 le coach du PSG aux m\u00e9dias.<\/p>\n<p>Lanc\u00e9 sur la question de la suite du mercato estival, Luis Enrique a \u00e9t\u00e9 clair\u00a0: toute opportunit\u00e9 sera bonne \u00e0 prendre\u00a0! \u00ab\u00a0Notre obligation comme club est d\u2019\u00eatre tr\u00e8s ouvert jusqu\u2019\u00e0 la fin du mercato, a-t-il indiqu\u00e9. Tout sera pr\u00eat, selon les circonstances. On est content des recrues qu\u2019on a sign\u00e9es mais on sera attentif \u00e0 la fin du march\u00e9.\u00a0\u00bb Concernant la future opposition contre le SCO d\u2019Angers, le coach du <a href=\"https:\/\/www.butfootballclub.fr\/614445-psg-mercato-le-montant-hallucinant-reclame-pour-lee\/\" rel=\"noopener\" target=\"_blank\">PSG<\/a> se m\u00e9fie\u00a0: \u00ab Nous devons \u00eatre pr\u00eats, ce sera difficile. Angers est une \u00e9quipe qui d\u00e9fend tr\u00e8s bien. \u00bb<\/p>\n<p>Si, au sujet de l\u2019infirmerie, Senny Mayulu poursuit son travail de reprise, Luis Enrique a enfin expliqu\u00e9 pourquoi le <a href=\"https:\/\/www.butfootballclub.fr\/614635-psg-mercato-ultime-rebondissement-pour-akliouche\/\" rel=\"noopener\" target=\"_blank\">PSG<\/a> avait souhait\u00e9 se d\u00e9parer de Gianluigi Donnarumma\u00a0: \u00ab\u00a0Ce sont des d\u00e9cisions toujours difficiles \u00e0 prendre mais je ne dirai rien publiquement, cela ne m\u2019int\u00e9resse pas. Je peux comprendre les critiques sur notre d\u00e9cision mais on est calme, tranquille et o\u00f9 nous voulons aller.\u00a0\u00bb<\/p>\n","protected":false},"excerpt":{"rendered":"Luis Enrique \u00e9tait pr\u00e9sent en conf\u00e9rence de presse au PSG \u00e0 la veille de la r\u00e9ception du SCO&hellip;\n","protected":false},"author":2,"featured_media":333976,"comment_status":"","ping_status":"","sticky":false,"template":"","format":"standard","meta":{"footnotes":""},"categories":[1410],"tags":[11,448,63,1011,27,66,3388,12,60,10662],"class_list":{"0":"post-333975","1":"post","2":"type-post","3":"status-publish","4":"format-standard","5":"has-post-thumbnail","7":"category-football","8":"tag-actualites","9":"tag-champions-league","10":"tag-football","11":"tag-fr","12":"tag-france","13":"tag-ligue-1","14":"tag-matchs","15":"tag-news","16":"tag-sports","17":"tag-transferts"},"share_on_mastodon":{"url":"https:\/\/pubeurope.com\/@fr\/115066998859860774","error":""},"_links":{"self":[{"href":"https:\/\/www.europesays.com\/fr\/wp-json\/wp\/v2\/posts\/333975","targetHints":{"allow":["GET"]}}],"collection":[{"href":"https:\/\/www.europesays.com\/fr\/wp-json\/wp\/v2\/posts"}],"about":[{"href":"https:\/\/www.europesays.com\/fr\/wp-json\/wp\/v2\/types\/post"}],"author":[{"embeddable":true,"href":"https:\/\/www.europesays.com\/fr\/wp-json\/wp\/v2\/users\/2"}],"replies":[{"embeddable":true,"href":"https:\/\/www.europesays.com\/fr\/wp-json\/wp\/v2\/comments?post=333975"}],"version-history":[{"count":0,"href":"https:\/\/www.europesays.com\/fr\/wp-json\/wp\/v2\/posts\/333975\/revisions"}],"wp:featuredmedia":[{"embeddable":true,"href":"https:\/\/www.europesays.com\/fr\/wp-json\/wp\/v2\/media\/333976"}],"wp:attachment":[{"href":"https:\/\/www.europesays.com\/fr\/wp-json\/wp\/v2\/media?parent=333975"}],"wp:term":[{"taxonomy":"category","embeddable":true,"href":"https:\/\/www.europesays.com\/fr\/wp-json\/wp\/v2\/categories?post=333975"},{"taxonomy":"post_tag","embeddable":true,"href":"https:\/\/www.europesays.com\/fr\/wp-json\/wp\/v2\/tags?post=333975"}],"curies":[{"name":"wp","href":"https:\/\/api.w.org\/{rel}","templated":true}]}}