{"id":333981,"date":"2025-08-21T13:32:10","date_gmt":"2025-08-21T13:32:10","guid":{"rendered":"https:\/\/www.europesays.com\/fr\/333981\/"},"modified":"2025-08-21T13:32:10","modified_gmt":"2025-08-21T13:32:10","slug":"aatea-de-anouck-faure-cinquieme-et-dernier-coup-de-coeur-de-lete-de-la-librairie-aubagnaise-les-furtifs","status":"publish","type":"post","link":"https:\/\/www.europesays.com\/fr\/333981\/","title":{"rendered":"\u00ab\u00a0Aatea\u00a0\u00bb de Anouck Faure, cinqui\u00e8me et dernier coup de c\u0153ur de l\u2019\u00e9t\u00e9 de la librairie aubagnaise Les Furtifs"},"content":{"rendered":"<p>Pour ce cinqui\u00e8me chapitre de notre s\u00e9rie estivale de conseils de lecture, La Provence est retourn\u00e9e \u00e0 la librairie Les Furtifs, rue de la R\u00e9publique \u00e0 <a href=\"https:\/\/www.laprovence.com\/region\/Edition-aubagne\" target=\"_blank\" rel=\"nofollow noopener\">Aubagne<\/a>. Un libraire nous recommande chaque semaine son ouvrage coup de c\u0153ur. Samuel Keller, responsable des rayons imaginaire, jeunesse et sciences humaines, a choisi le roman de science-fiction Aatea d\u2019Anouck Faure, publi\u00e9 en janvier\u00a02025 aux \u00e9ditions Argyll.<\/p>\n<p>\u00ab\u00a0Un lien organique fort\u00a0\u00bb<\/p>\n<p>Bas\u00e9 sur la mythologie polyn\u00e9sienne, le roman explore un monde constitu\u00e9 de petites \u00eeles. \u00ab\u00a0Les personnages ont tous une sorte de lien organique fort \u00e0 l\u2019\u00eele o\u00f9 ils sont n\u00e9s via le \u00ab\u00a0filament\u00a0\u00bb, un peu <a href=\"https:\/\/www.laprovence.com\/article\/gaming\/82510317000597\/jeu-video-avatar-frontiers-of-pandora-naissance-dun-navi-notre-test\" target=\"_blank\" rel=\"nofollow noopener\">\u00e0 la mani\u00e8re du film <\/a><a href=\"https:\/\/www.laprovence.com\/article\/gaming\/82510317000597\/jeu-video-avatar-frontiers-of-pandora-naissance-dun-navi-notre-test\" target=\"_blank\" rel=\"nofollow noopener\">Avatar<\/a>. On suit l\u2019histoire d\u2019Aatea, un navigateur n\u00e9 sur un bateau solaire. Il n\u2019appartient \u00e0 aucune communaut\u00e9, n\u2019est rattach\u00e9 \u00e0 rien ni personne et est rejet\u00e9 pour cette raison. Il va donc essayer de trouver sa place dans le monde\u00a0\u00bb, d\u00e9taille le libraire. Seulement, Aatea est victime d\u2019une attaque de pirates qui co\u00fbte la vie \u00e0 tous ses passagers et perd le droit de naviguer. Il d\u00e9cide alors de tout abandonner pour se lancer dans un long voyage initiatique.<\/p>\n<p>Un ouvrage de l\u2019imaginaire<\/p>\n<p>Savant m\u00e9lange de description et d\u2019aventure, le roman est tout de m\u00eame \u00ab\u00a0assez contemplatif, m\u00eame si on retrouve pas mal de p\u00e9rip\u00e9ties et qu\u2019on rencontre beaucoup de personnages\u00a0\u00bb, analyse <a href=\"https:\/\/www.laprovence.com\/article\/region\/65462116218559\/dans-la-maison-de-philip-le-roy-quatrieme-coup-de-coeur-estival-de-la-librairie-aubagnaise-les-furtifs\" target=\"_blank\" rel=\"nofollow noopener\">Samuel Keller<\/a>. Dans l\u2019histoire, narr\u00e9e \u00e0 travers le point de vue interne du personnage principal, tout n\u2019est pas qu\u2019action\u00a0: \u00ab\u00a0On entre dans un autre monde. Entre les passages mouvement\u00e9s, il y a beaucoup de po\u00e9sie, tout est centr\u00e9 sur le lien avec la mer et la terre. L\u2019histoire se d\u00e9roule sur fond d\u2019\u00e9cologie et il y a un aspect assez philosophique. C\u2019est un ouvrage qui s\u2019adresse plut\u00f4t \u00e0 des lecteurs adultes parce qu\u2019il y a de longues descriptions, notamment des organisations sociales, qui demandent un peu d\u2019investissement dans la lecture\u00a0\u00bb, souligne le libraire.<\/p>\n","protected":false},"excerpt":{"rendered":"Pour ce cinqui\u00e8me chapitre de notre s\u00e9rie estivale de conseils de lecture, La Provence est retourn\u00e9e \u00e0 la&hellip;\n","protected":false},"author":2,"featured_media":333982,"comment_status":"","ping_status":"","sticky":false,"template":"","format":"standard","meta":{"footnotes":""},"categories":[1357],"tags":[17,47119,47120,1379,19700,6521,3952,58,59,13700,1011,27,20839,1380,16],"class_list":{"0":"post-333981","1":"post","2":"type-post","3":"status-publish","4":"format-standard","5":"has-post-thumbnail","7":"category-livres","8":"tag-17","9":"tag-aatea","10":"tag-anouck","11":"tag-books","12":"tag-cinquieme","13":"tag-coeur","14":"tag-coup","15":"tag-divertissement","16":"tag-entertainment","17":"tag-faure","18":"tag-fr","19":"tag-france","20":"tag-lete","21":"tag-livres","22":"tag-region"},"share_on_mastodon":{"url":"https:\/\/pubeurope.com\/@fr\/115067010763647944","error":""},"_links":{"self":[{"href":"https:\/\/www.europesays.com\/fr\/wp-json\/wp\/v2\/posts\/333981","targetHints":{"allow":["GET"]}}],"collection":[{"href":"https:\/\/www.europesays.com\/fr\/wp-json\/wp\/v2\/posts"}],"about":[{"href":"https:\/\/www.europesays.com\/fr\/wp-json\/wp\/v2\/types\/post"}],"author":[{"embeddable":true,"href":"https:\/\/www.europesays.com\/fr\/wp-json\/wp\/v2\/users\/2"}],"replies":[{"embeddable":true,"href":"https:\/\/www.europesays.com\/fr\/wp-json\/wp\/v2\/comments?post=333981"}],"version-history":[{"count":0,"href":"https:\/\/www.europesays.com\/fr\/wp-json\/wp\/v2\/posts\/333981\/revisions"}],"wp:featuredmedia":[{"embeddable":true,"href":"https:\/\/www.europesays.com\/fr\/wp-json\/wp\/v2\/media\/333982"}],"wp:attachment":[{"href":"https:\/\/www.europesays.com\/fr\/wp-json\/wp\/v2\/media?parent=333981"}],"wp:term":[{"taxonomy":"category","embeddable":true,"href":"https:\/\/www.europesays.com\/fr\/wp-json\/wp\/v2\/categories?post=333981"},{"taxonomy":"post_tag","embeddable":true,"href":"https:\/\/www.europesays.com\/fr\/wp-json\/wp\/v2\/tags?post=333981"}],"curies":[{"name":"wp","href":"https:\/\/api.w.org\/{rel}","templated":true}]}}