{"id":333995,"date":"2025-08-21T13:39:14","date_gmt":"2025-08-21T13:39:14","guid":{"rendered":"https:\/\/www.europesays.com\/fr\/333995\/"},"modified":"2025-08-21T13:39:14","modified_gmt":"2025-08-21T13:39:14","slug":"sony-et-pepsi-ouvrent-le-bal-des-hausses-de-prix","status":"publish","type":"post","link":"https:\/\/www.europesays.com\/fr\/333995\/","title":{"rendered":"Sony et Pepsi ouvrent le bal des hausses de prix"},"content":{"rendered":"<p>La nouvelle politique commerciale de Washington commence \u00e0 produire ses premiers effets concrets et ce n&rsquo;est pas sans cons\u00e9quence pour les consommateurs am\u00e9ricains. Moins d&rsquo;un mois apr\u00e8s la signature d&rsquo;un d\u00e9cret imposant de nouveaux droits de douane massifs, plusieurs g\u00e9ants internationaux et am\u00e9ricains annoncent des hausses de prix pour compenser le surco\u00fbt. Apr\u00e8s Sony, c&rsquo;est au tour de PepsiCo et d&rsquo;autres entreprises de se pr\u00e9parer \u00e0 une nouvelle r\u00e9alit\u00e9 \u00e9conomique.<\/p>\n<p>Le japonais Sony a ouvert le bal en annon\u00e7ant une augmentation de 50\u00a0dollars\u00a0du prix de ses consoles PlayStation\u00a05\u00a0(PS5) aux \u00c9tats-Unis. Un ajustement qui porte le prix de la PS5 \u00e0 550\u00a0dollars (472\u00a0euros) et celui de la PS5 Pro \u00e0 750\u00a0dollars (643\u00a0euros). Si la compagnie \u00e9voque \u00ab\u00a0un environnement \u00e9conomique difficile\u00a0\u00bb, la raison est claire\u00a0: les nouveaux droits de douane impos\u00e9s par l&rsquo;administration Trump. Pour Sony, le poids financier de cette mesure protectionniste est estim\u00e9 \u00e0 environ 100\u00a0milliards de yens (581\u00a0millions\u00a0d&rsquo;euros) sur un an, une somme colossale qui se r\u00e9percutera directement sur les consommateurs.<\/p>\n<p>Une hausse des prix du jeu vid\u00e9o \u00e0 l&rsquo;agroalimentaire<\/p>\n<p>L&rsquo;onde de choc ne se limite pas \u00e0 l&rsquo;\u00e9lectronique. Le secteur de l&rsquo;agroalimentaire, et plus particuli\u00e8rement les boissons, est \u00e9galement en premi\u00e8re ligne. Selon le m\u00e9dia sp\u00e9cialis\u00e9 Beverage Digest, le g\u00e9ant am\u00e9ricain PepsiCo envisage une augmentation d&rsquo;environ 10\u00a0% sur ses sodas. La raison principale\u00a0? Le prix de l&rsquo;aluminium, un mat\u00e9riau crucial pour la fabrication des canettes, est directement frapp\u00e9 par les nouvelles taxes douani\u00e8res. Une situation qui pourrait \u00e9galement concerner Monster Beverages, le fabricant de boissons \u00e9nergisantes, dont le PDG a d\u00e9j\u00e0 \u00e9voqu\u00e9 la possibilit\u00e9 d&rsquo;augmenter le prix de ses produits aux \u00c9tats-Unis et \u00e0 l&rsquo;international.<\/p>\n<p>La logique est simple\u00a0: face \u00e0 une augmentation des co\u00fbts d&rsquo;importation, les entreprises ont deux options. Soit elles absorbent les frais, au risque de voir leurs marges s&rsquo;effondrer, soit elles r\u00e9percutent ces co\u00fbts sur le prix de vente final. Pour la plupart des multinationales, la seconde option est la plus viable pour maintenir leur rentabilit\u00e9.<\/p>\n<p>Un protectionnisme aux cons\u00e9quences multiples<\/p>\n<p>Le d\u00e9cret sign\u00e9 par le pr\u00e9sident am\u00e9ricain, Donald Trump, qui instaure des droits de douane allant de 10\u00a0% \u00e0 50\u00a0% sur les importations provenant des 90\u00a0principaux partenaires commerciaux des \u00c9tats-Unis, est une arme \u00e0 double tranchant. Si l&rsquo;objectif affich\u00e9 est de prot\u00e9ger l&rsquo;industrie nationale et de r\u00e9\u00e9quilibrer la balance commerciale, les cons\u00e9quences pour le consommateur am\u00e9ricain sont imm\u00e9diates.<\/p>\n<p>Non seulement les prix des produits \u00e9trangers import\u00e9s sont en hausse, mais le co\u00fbt des mati\u00e8res premi\u00e8res essentielles \u00e0 la production sur le sol am\u00e9ricain subit \u00e9galement une inflation. Le cas de PepsiCo en est une illustration parfaite\u00a0: l&rsquo;aluminium, m\u00eame s&rsquo;il peut \u00eatre produit localement, voit son prix gonfler en raison de la pression g\u00e9n\u00e9rale sur les cha\u00eenes d&rsquo;approvisionnement avec les taxes sur les importations.<\/p>\n<p>Des entreprises am\u00e9ricaines, comme le groupe de cosm\u00e9tiques Est\u00e9e Lauder, sont aussi touch\u00e9es. L&rsquo;entreprise a r\u00e9cemment estim\u00e9 \u00e0 pr\u00e8s de 100\u00a0millions de dollars\u00a0la facture de ces nouvelles taxes pour l&rsquo;exercice 2026. Des chiffres qui confirment que la strat\u00e9gie de l&rsquo;administration Trump ne faisant pas de distinction entre entreprises \u00e9trang\u00e8res et nationales, le consommateur am\u00e9ricain\u00a0est finalement\u00a0celui qui en paye la note.<\/p>\n","protected":false},"excerpt":{"rendered":"La nouvelle politique commerciale de Washington commence \u00e0 produire ses premiers effets concrets et ce n&rsquo;est pas sans&hellip;\n","protected":false},"author":2,"featured_media":333996,"comment_status":"","ping_status":"","sticky":false,"template":"","format":"standard","meta":{"footnotes":""},"categories":[7],"tags":[17,47121,645,1011,27,4931,47122,27573,5544,43,40,41,39,8209,42,44,467],"class_list":{"0":"post-333995","1":"post","2":"type-post","3":"status-publish","4":"format-standard","5":"has-post-thumbnail","7":"category-sciences-et-technologies","8":"tag-17","9":"tag-dachat","10":"tag-entreprises-finance","11":"tag-fr","12":"tag-france","13":"tag-ouvrent","14":"tag-pepsi","15":"tag-pouvoir","16":"tag-protectionnisme","17":"tag-science","18":"tag-science-and-technology","19":"tag-sciences","20":"tag-sciences-et-technologies","21":"tag-sony","22":"tag-technologies","23":"tag-technology","24":"tag-trump"},"share_on_mastodon":{"url":"https:\/\/pubeurope.com\/@fr\/115067038311266614","error":""},"_links":{"self":[{"href":"https:\/\/www.europesays.com\/fr\/wp-json\/wp\/v2\/posts\/333995","targetHints":{"allow":["GET"]}}],"collection":[{"href":"https:\/\/www.europesays.com\/fr\/wp-json\/wp\/v2\/posts"}],"about":[{"href":"https:\/\/www.europesays.com\/fr\/wp-json\/wp\/v2\/types\/post"}],"author":[{"embeddable":true,"href":"https:\/\/www.europesays.com\/fr\/wp-json\/wp\/v2\/users\/2"}],"replies":[{"embeddable":true,"href":"https:\/\/www.europesays.com\/fr\/wp-json\/wp\/v2\/comments?post=333995"}],"version-history":[{"count":0,"href":"https:\/\/www.europesays.com\/fr\/wp-json\/wp\/v2\/posts\/333995\/revisions"}],"wp:featuredmedia":[{"embeddable":true,"href":"https:\/\/www.europesays.com\/fr\/wp-json\/wp\/v2\/media\/333996"}],"wp:attachment":[{"href":"https:\/\/www.europesays.com\/fr\/wp-json\/wp\/v2\/media?parent=333995"}],"wp:term":[{"taxonomy":"category","embeddable":true,"href":"https:\/\/www.europesays.com\/fr\/wp-json\/wp\/v2\/categories?post=333995"},{"taxonomy":"post_tag","embeddable":true,"href":"https:\/\/www.europesays.com\/fr\/wp-json\/wp\/v2\/tags?post=333995"}],"curies":[{"name":"wp","href":"https:\/\/api.w.org\/{rel}","templated":true}]}}