{"id":333997,"date":"2025-08-21T13:40:12","date_gmt":"2025-08-21T13:40:12","guid":{"rendered":"https:\/\/www.europesays.com\/fr\/333997\/"},"modified":"2025-08-21T13:40:12","modified_gmt":"2025-08-21T13:40:12","slug":"voitures-produits-pharmaceutiques-et-vins-europeens-seront-bien-taxes-a-15-par-les-etats-unis","status":"publish","type":"post","link":"https:\/\/www.europesays.com\/fr\/333997\/","title":{"rendered":"voitures, produits pharmaceutiques et vins europ\u00e9ens seront bien tax\u00e9s \u00e0\u00a015\u00a0% par les Etats-Unis"},"content":{"rendered":"<p>                          <img loading=\"lazy\" decoding=\"async\" src=\"https:\/\/www.europesays.com\/fr\/wp-content\/uploads\/2025\/08\/31b8217_ftp-import-images-1-uehkjzezcxnt-5305534-01-06.jpg\" alt=\"Des bouteilles de champagne sont expos\u00e9es dans un magasin de spiritueux, le 3\u00a0d\u00e9cembre\u00a02019\u00a0\u00e0 Arlington, en Virginie.\"   width=\"664\" height=\"443\"\/>    Des bouteilles de champagne sont expos\u00e9es dans un magasin de spiritueux, le 3\u00a0d\u00e9cembre\u00a02019\u00a0\u00e0 Arlington, en Virginie.  OLIVIER DOULIERY \/ AFP                            <\/p>\n<p class=\"article__paragraph  \">Les voitures et produits pharmaceutiques europ\u00e9ens seront bien tax\u00e9s \u00e0 15\u00a0% \u00e0 leur entr\u00e9e aux Etats-Unis, selon un communiqu\u00e9 commun publi\u00e9 jeudi 21\u00a0ao\u00fbt par l\u2019Union europ\u00e9enne (UE) et l\u2019administration de Donald Trump. \u00ab\u00a0Il s\u2019agit d\u2019un accord strat\u00e9gique important, que nous soutenons pleinement\u00a0\u00bb, a affirm\u00e9 le commissaire europ\u00e9en au commerce, Maros Sefcovic, lors d\u2019une conf\u00e9rence de presse.<\/p>\n<p class=\"article__paragraph  \">Par ailleurs, Bruxelles n\u2019a pu obtenir d\u2019exemption pour le secteur du vin et des spiritueux, qui sera \u00e9galement tax\u00e9 \u00e0 15\u00a0%, a poursuivi\u00a0M.\u00a0Sefcovic. \u00ab\u00a0Malheureusement, nous n\u2019avons pas r\u00e9ussi\u00a0\u00bb, a d\u00e9clar\u00e9 le responsable europ\u00e9en, en pr\u00e9sentant les d\u00e9tails de l\u2019accord commercial nou\u00e9 \u00e0 la fin de juillet. Il a ajout\u00e9 que les discussions se poursuivraient et que \u00ab\u00a0ces portes n\u2019\u00e9taient pas ferm\u00e9es pour toujours\u00a0\u00bb, tout en affirmant ne pas vouloir faire de\u00a0\u00ab\u00a0fausses promesses\u00a0\u00bb\u00a0pour le secteur. \u00ab\u00a0Je ne veux pas dire que cela sera facile, ou que \u00e7a aura lieu la semaine prochaine\u00a0\u00bb, a affirm\u00e9 celui qui est charg\u00e9 de n\u00e9gocier cet accord avec l\u2019administration Trump, au nom des 27 Etats membres de l\u2019UE.<\/p>\n<p class=\"article__paragraph  \">Cette exemption \u00e9tait vivement r\u00e9clam\u00e9e par la France et l\u2019Italie. Apr\u00e8s des mois de n\u00e9gociations tr\u00e8s \u00e2pres, Bruxelles et Washington ont scell\u00e9, \u00e0 la fin de juillet, un accord commercial \u00e9tablissant des droits de douane de 15\u00a0% sur les produits europ\u00e9ens qui arrivent aux Etats-Unis. C\u2019est bien plus que le taux qui \u00e9tait en vigueur (autour de 4,8\u00a0%) avant le retour au pouvoir du pr\u00e9sident am\u00e9ricain\u00a0; mais moins que ce que le milliardaire r\u00e9publicain mena\u00e7ait d\u2019imposer au Vieux Continent, faute d\u2019accord.<\/p>\n<p class=\"article__paragraph  \">La F\u00e9d\u00e9ration des exportateurs de vins et spiritueux (FEVS) fran\u00e7ais a fait part de son\u00a0\u00ab\u00a0immense d\u00e9ception\u00a0\u00bb. \u00ab\u00a0On a travaill\u00e9 \u00e9norm\u00e9ment pour obtenir l\u2019exemption et elle \u00e9tait \u00e0 port\u00e9e de main. Nous avons la certitude que cela entra\u00eenera de grosses difficult\u00e9s pour la fili\u00e8re des vins et spiritueux\u00a0\u00bb, a d\u00e9clar\u00e9 Gabriel Picard, pr\u00e9sident de la f\u00e9d\u00e9ration.<\/p>\n<p class=\"article__paragraph  \">\u00ab\u00a0C\u2019est une mauvaise nouvelle parce que c\u2019est un frein suppl\u00e9mentaire au commerce et \u00e0 l\u2019exportation des vins de Bordeaux aux Etats-Unis\u00a0\u00bb, qui repr\u00e9sentent de loin leur premier march\u00e9, a r\u00e9agi de son c\u00f4t\u00e9 Christophe Chateau, du Conseil interprofessionnel du vin de Bordeaux. \u00ab\u00a0C\u2019est mieux que ce nous avait \u00e9t\u00e9 annonc\u00e9, qui aurait pu \u00eatre pire, mais ce n\u2019est jamais une bonne nouvelle\u00a0\u00bb, a-t-il ajout\u00e9, en faisant r\u00e9f\u00e9rence aux menaces de Donald Trump ces derniers mois de taxes douani\u00e8res \u00e0 200\u00a0%, puis 20\u00a0%, puis 50\u00a0% ou encore 30\u00a0%.<\/p>\n<p>                                         Lire aussi |  Article r\u00e9serv\u00e9 \u00e0 nos abonn\u00e9s  <a href=\"https:\/\/www.lemonde.fr\/economie\/article\/2025\/08\/08\/vignoble-francais-malgre-un-millesime-2025-prometteur-les-fortes-inquietudes-du-secteur_6627550_3234.html\" class=\"js-article-read-also catcher--favoris__link\" data-premium=\"1\" id=\"article-title-3433965\" rel=\"nofollow noopener\" target=\"_blank\">Vignoble fran\u00e7ais\u00a0: malgr\u00e9 un mill\u00e9sime 2025 prometteur, les fortes inqui\u00e9tudes du secteur<\/a>    <\/p>\n<p>   Lire plus tard  <\/p>\n<p>                            Les droits de douane appliqu\u00e9s r\u00e9troactivement                      <\/p>\n<p class=\"article__paragraph  \">Concernant le calendrier d\u2019application de ces droits de douane de 15\u00a0% sur les voitures (contre 27,5\u00a0% actuellement), le commissaire europ\u00e9en s\u2019est dit confiant dans le fait qu\u2019ils seraient appliqu\u00e9s r\u00e9troactivement au 1er\u00a0ao\u00fbt, affirmant avoir re\u00e7u des garanties des Am\u00e9ricains en ce sens.<\/p>\n<p class=\"article__paragraph  \">Le texte commun pr\u00e9cise que les 15\u00a0% entreront en vigueur lorsque l\u2019UE aura introduit un texte de loi pour r\u00e9duire ses propres taxes douani\u00e8res. \u00ab\u00a0Nous travaillons avec d\u00e9termination pour lancer le processus l\u00e9gislatif\u00a0\u00bb aussi rapidement que possible, a soulign\u00e9 M.\u00a0Sefcovic. Dans un court message publi\u00e9 sur X, la pr\u00e9sidente de la Commission europ\u00e9enne, Ursula von der Leyen, a salu\u00e9 un texte qui offre de la \u00ab\u00a0pr\u00e9visibilit\u00e9 pour [les]\u00a0entreprises et nos consommateurs [europ\u00e9ens]\u00a0\u00bb.<\/p>\n<p> Le Monde Guides d\u2019achat  <\/p>\n<p> <a href=\"https:\/\/www.lemonde.fr\/guides-d-achat\/article\/2022\/06\/15\/les-meilleures-gourdes-pour-remplacer-les-bouteilles-jetables_6130466_5306571.html\" class=\"inread__link js-services-inread-link\" target=\"_blank\" rel=\"nofollow noopener\">  <\/p>\n<p>Gourdes r\u00e9utilisables<\/p>\n<p>Les meilleures gourdes pour remplacer les bouteilles jetables<\/p>\n<p>Lire<\/p>\n<p> <\/a>      <\/p>\n<p> Newsletter  <\/p>\n<p> <a href=\"https:\/\/www.lemonde.fr\/newsletters\/a-la-une\/\" class=\"inread__link js-services-inread-link\" target=\"_blank\" rel=\"nofollow noopener\">  <\/p>\n<p>\u00ab A la une \u00bb<\/p>\n<p>Chaque matin, parcourez l&rsquo;essentiel de l&rsquo;actualit\u00e9 du jour avec les derniers titres du \u00ab Monde \u00bb<\/p>\n<p>S&rsquo;inscrire<\/p>\n<p> <\/a>      <\/p>\n<p> Newsletter  <\/p>\n<p> <a href=\"https:\/\/www.lemonde.fr\/newsletters\/la-revue-du-monde\/\" class=\"inread__link js-services-inread-link\" target=\"_blank\" rel=\"nofollow noopener\">  <\/p>\n<p>\u00ab La revue du Monde \u00bb<\/p>\n<p>Chaque week-end, la r\u00e9daction s\u00e9lectionne les articles de la semaine qu\u2019il ne fallait pas manquer<\/p>\n<p>S&rsquo;inscrire<\/p>\n<p> <\/a>          <\/p>\n<p> Le Monde Jeux   <\/p>\n<p> <a href=\"https:\/\/jeux.lemonde.fr\/?inread\" class=\"inread__link js-services-inread-link\" target=\"_blank\" rel=\"nofollow noopener\">  <\/p>\n<p>Chaque jour de nouvelles grilles de mots crois\u00e9s, Sudoku et mots trouv\u00e9s.<\/p>\n<p>Jouer<\/p>\n<p> <\/a>      <\/p>\n<p> Newsletter abonn\u00e9s  <\/p>\n<p> <a href=\"https:\/\/www.lemonde.fr\/newsletters\/la-lettre-eco\/\" class=\"inread__link js-services-inread-link\" target=\"_blank\" rel=\"nofollow noopener\">  <\/p>\n<p>\u00ab La lettre \u00e9co \u00bb<\/p>\n<p>Le regard du \u00ab Monde \u00bb sur l\u2019actualit\u00e9 \u00e9conomique du jour<\/p>\n<p>S&rsquo;inscrire<\/p>\n<p> <\/a>          <\/p>\n<p> Newsletter abonn\u00e9s  <\/p>\n<p> <a href=\"https:\/\/www.lemonde.fr\/newsletters\/la-lettre-des-idees\/\" class=\"inread__link js-services-inread-link\" target=\"_blank\" rel=\"nofollow noopener\">  <\/p>\n<p>\u00ab La lettre des id\u00e9es \u00bb<\/p>\n<p>Votre rendez-vous avec la vie intellectuelle<\/p>\n<p>S&rsquo;inscrire<\/p>\n<p> <\/a>      <\/p>\n<p> Newsletter abonn\u00e9s  <\/p>\n<p> <a href=\"https:\/\/www.lemonde.fr\/newsletters\/la-lettre-eco\/\" class=\"inread__link js-services-inread-link\" target=\"_blank\" rel=\"nofollow noopener\">  <\/p>\n<p>\u00ab La lettre \u00e9co \u00bb<\/p>\n<p>Le regard du \u00ab Monde \u00bb sur l\u2019actualit\u00e9 \u00e9conomique du jour<\/p>\n<p>S&rsquo;inscrire<\/p>\n<p> <\/a>             <\/p>\n<p class=\"article__paragraph  \">Cet accord, nou\u00e9 entre la cheffe de l\u2019ex\u00e9cutif europ\u00e9en et Donald Trump en Ecosse, a \u00e9t\u00e9 tr\u00e8s critiqu\u00e9 par plusieurs Etats membres et industriels europ\u00e9ens. L\u2019UE r\u00e9torque qu\u2019il s\u2019agit du meilleur accord qu\u2019elle pouvait obtenir, face aux menaces commerciales du pr\u00e9sident am\u00e9ricain. Il intervient \u00e0 un moment o\u00f9 les Europ\u00e9ens cherchent par tous les moyens \u00e0 peser dans les discussions extr\u00eamement difficiles autour de l\u2019avenir de l\u2019Ukraine. Et veulent s\u2019assurer que les Am\u00e9ricains participeront \u00e0 des garanties de s\u00e9curit\u00e9 pour Kiev en cas d\u2019accord de paix avec Moscou.<\/p>\n<p class=\"article__paragraph  \">En plus des droits de douane impos\u00e9s aux produits europ\u00e9ens, l\u2019UE s\u2019est engag\u00e9e \u00e0 750\u00a0milliards de dollars d\u2019achats d\u2019\u00e9nergie et \u00e0 600\u00a0milliards d\u2019investissements suppl\u00e9mentaires aux Etats-Unis.<\/p>\n<p>                                         Lire aussi |  Article r\u00e9serv\u00e9 \u00e0 nos abonn\u00e9s  <a href=\"https:\/\/www.lemonde.fr\/economie\/article\/2025\/08\/07\/les-droits-de-douane-imposes-par-donald-trump-entrent-en-vigueur-signant-un-nouvel-ordre-commercial_6627258_3234.html\" class=\"js-article-read-also catcher--favoris__link\" data-premium=\"1\" id=\"article-title-3433830\" rel=\"nofollow noopener\" target=\"_blank\">Les droits de douane impos\u00e9s par Donald Trump entrent en vigueur, signant un nouvel ordre commercial<\/a>    <\/p>\n<p>   Lire plus tard  <\/p>\n<p class=\"author__detail\">  Le Monde avec AFP  <\/p>\n<p>                  <a href=\"https:\/\/www.lemonde.fr\/syndication\/\" class=\"reuse__content\" title=\"R\u00e9utiliser ce contenu\" target=\"_blank\" rel=\"nofollow noopener\">R\u00e9utiliser ce contenu<\/a>      <\/p>\n","protected":false},"excerpt":{"rendered":"Des bouteilles de champagne sont expos\u00e9es dans un magasin de spiritueux, le 3\u00a0d\u00e9cembre\u00a02019\u00a0\u00e0 Arlington, en Virginie. OLIVIER DOULIERY&hellip;\n","protected":false},"author":2,"featured_media":333998,"comment_status":"","ping_status":"","sticky":false,"template":"","format":"standard","meta":{"footnotes":""},"categories":[6],"tags":[35,33,34,1011,27],"class_list":{"0":"post-333997","1":"post","2":"type-post","3":"status-publish","4":"format-standard","5":"has-post-thumbnail","7":"category-economie","8":"tag-business","9":"tag-economie","10":"tag-economy","11":"tag-fr","12":"tag-france"},"share_on_mastodon":{"url":"https:\/\/pubeurope.com\/@fr\/115067042288815086","error":""},"_links":{"self":[{"href":"https:\/\/www.europesays.com\/fr\/wp-json\/wp\/v2\/posts\/333997","targetHints":{"allow":["GET"]}}],"collection":[{"href":"https:\/\/www.europesays.com\/fr\/wp-json\/wp\/v2\/posts"}],"about":[{"href":"https:\/\/www.europesays.com\/fr\/wp-json\/wp\/v2\/types\/post"}],"author":[{"embeddable":true,"href":"https:\/\/www.europesays.com\/fr\/wp-json\/wp\/v2\/users\/2"}],"replies":[{"embeddable":true,"href":"https:\/\/www.europesays.com\/fr\/wp-json\/wp\/v2\/comments?post=333997"}],"version-history":[{"count":0,"href":"https:\/\/www.europesays.com\/fr\/wp-json\/wp\/v2\/posts\/333997\/revisions"}],"wp:featuredmedia":[{"embeddable":true,"href":"https:\/\/www.europesays.com\/fr\/wp-json\/wp\/v2\/media\/333998"}],"wp:attachment":[{"href":"https:\/\/www.europesays.com\/fr\/wp-json\/wp\/v2\/media?parent=333997"}],"wp:term":[{"taxonomy":"category","embeddable":true,"href":"https:\/\/www.europesays.com\/fr\/wp-json\/wp\/v2\/categories?post=333997"},{"taxonomy":"post_tag","embeddable":true,"href":"https:\/\/www.europesays.com\/fr\/wp-json\/wp\/v2\/tags?post=333997"}],"curies":[{"name":"wp","href":"https:\/\/api.w.org\/{rel}","templated":true}]}}