{"id":333999,"date":"2025-08-21T13:41:10","date_gmt":"2025-08-21T13:41:10","guid":{"rendered":"https:\/\/www.europesays.com\/fr\/333999\/"},"modified":"2025-08-21T13:41:10","modified_gmt":"2025-08-21T13:41:10","slug":"evacuation-imminente-de-la-ville-de-gaza-hopitaux-et-ong-doivent-se-preparer-a-evacuer-le-nord-du-territoire-avertit-israel-lactualite-de-la-guerre-au-proche-orient-ce-21-aout","status":"publish","type":"post","link":"https:\/\/www.europesays.com\/fr\/333999\/","title":{"rendered":"Evacuation imminente de la ville de Gaza, h\u00f4pitaux et ONG doivent se pr\u00e9parer \u00e0 \u00e9vacuer le nord du territoire, avertit Isra\u00ebl\u2026 l\u2019actualit\u00e9 de la guerre au Proche-Orient ce 21\u00a0ao\u00fbt \u2013 Lib\u00e9ration"},"content":{"rendered":"<p class=\"sc-ksZaOG ehjQrN text-element\">Au lendemain de son approbation par le ministre de la D\u00e9fense, et malgr\u00e9 la d\u00e9fiance internationale, et particuli\u00e8rement de la France, l\u2019op\u00e9ration isra\u00e9lienne visant \u00e0 prendre le contr\u00f4le de Gaza-city a d\u00e9but\u00e9, a annonc\u00e9 mercredi soir un des porte-paroles de l\u2019arm\u00e9e, Effie Defrin, d\u00e9clarant que \u00ables forces de Tsahal tiennent les abords de la ville de Gaza\u00bb. Selon le g\u00e9n\u00e9ral de brigade, l\u2019arm\u00e9e isra\u00e9lienne, <a href=\"https:\/\/www.liberation.fr\/international\/moyen-orient\/benyamin-netanyahou-requisitionne-60-000-reservistes-pour-envahir-la-ville-de-gaza-malgre-lepuisement-general-20250820_FFRLZD7F55CD3JXM7BS33KDRSY\/\" target=\"_blank\" rel=\"noreferrer noopener\" title=\"https:\/\/www.liberation.fr\/international\/moyen-orient\/benyamin-netanyahou-requisitionne-60-000-reservistes-pour-envahir-la-ville-de-gaza-malgre-lepuisement-general-20250820_FFRLZD7F55CD3JXM7BS33KDRSY\/\">qui a fait appel mercredi \u00e0 60 000 r\u00e9servistes,<\/a> portant \u00e0 130 000 le concours de ces forces d\u2019appoint, va \u00abapprofondir l\u2019attaque contre le Hamas dans son bastion de Gaza\u00bb, jugeant que le mouvement islamiste \u00e9tait d\u00e9sormais une gu\u00e9rilla \u00abaffaiblie et meurtrie\u00bb.<\/p>\n<p class=\"sc-ksZaOG ehjQrN text-element\">Ce jeudi, l\u2019arm\u00e9e isra\u00e9lienne <a href=\"https:\/\/videoidf.azureedge.net\/dde11ab3-2281-4f54-86b6-019d92bd0326\" target=\"_blank\" rel=\"noopener\" title=\"https:\/\/videoidf.azureedge.net\/dde11ab3-2281-4f54-86b6-019d92bd0326\">a par ailleurs indiqu\u00e9 avoir demand\u00e9 aux responsables m\u00e9dicaux et aux organisations internationales <\/a>de \u00abpr\u00e9parer les h\u00f4pitaux de la bande de Gaza \u00e0 accueillir les patients venant du nord de l\u2019enclave\u00bb, dans le cadre de l\u2019\u00e9vacuation imminente de la ville de Gaza. Sur <a href=\"https:\/\/t.me\/idfofficial\/15364\" target=\"_blank\" rel=\"noreferrer\" title=\"https:\/\/t.me\/idfofficial\/15364\">Telegram<\/a>, Tsahal pr\u00e9cise que des \u00abajustements sont en cours dans les infrastructures hospitali\u00e8res du sud de la bande de Gaza afin d\u2019accueillir les malades et les bless\u00e9s, parall\u00e8lement \u00e0 une augmentation des livraisons d\u2019\u00e9quipements m\u00e9dicaux n\u00e9cessaires\u00bb.<\/p>\n<p class=\"sc-ksZaOG ehjQrN text-element\">Le plan de conqu\u00eate de la ville de Gaza pour lequel le gouvernement isra\u00e9lien a annonc\u00e9 mercredi le rappel de 60 000 r\u00e9servistes t\u00e9moigne du \u00abm\u00e9pris flagrant\u00bb d\u2019Isra\u00ebl pour les efforts de m\u00e9diation en vue d\u2019un cessez-le-feu, estime le Hamas dans un communiqu\u00e9, alors qu\u2019Isra\u00ebl doit donner <a href=\"https:\/\/www.liberation.fr\/international\/moyen-orient\/la-reponse-disrael-a-une-proposition-de-cessez-le-feu-a-gaza-attendue-avant-la-fin-de-semaine-20250819_KIDTDU74WFCCVA5OF7ZWDB5VVU\/\" target=\"_blank\" rel=\"noreferrer noopener\" title=\"https:\/\/www.liberation.fr\/international\/moyen-orient\/la-reponse-disrael-a-une-proposition-de-cessez-le-feu-a-gaza-attendue-avant-la-fin-de-semaine-20250819_KIDTDU74WFCCVA5OF7ZWDB5VVU\/\">sa r\u00e9ponse \u00e0 la proposition avant la fin de la semaine.<\/a><\/p>\n<p class=\"sc-ksZaOG ehjQrN text-element\">\u00abAlors que le [Hamas] a annonc\u00e9 son accord sur la derni\u00e8re proposition pr\u00e9sent\u00e9e par les m\u00e9diateurs, [Isra\u00ebl] insiste sur la poursuite de sa guerre barbare.\u00bb En ne donnant pas de r\u00e9ponse \u00e0 cette proposition, le Premier ministre isra\u00e9lien Benyamin Netanyahou \u00abd\u00e9montre qu\u2019il est le v\u00e9ritable obstacle \u00e0 tout accord, qu\u2019il ne se soucie pas de la vie [des otages isra\u00e9liens] et qu\u2019il n\u2019a pas s\u00e9rieusement l\u2019intention de les r\u00e9cup\u00e9rer\u00bb, ajoute le texte.<\/p>\n<p class=\"sc-ksZaOG ehjQrN text-element\">Pendant que les op\u00e9rations d\u2019occupation militaire de Gaza s\u2019intensifient, <a href=\"https:\/\/www.liberation.fr\/international\/moyen-orient\/letat-palestinien-est-en-train-detre-efface-israel-approuve-un-plan-majeur-de-colonisation-qui-couperait-la-cisjordanie-en-deux-20250820_AOV444UQABEG7BVLULKYVKUXZE\/\" target=\"_blank\" rel=\"noreferrer noopener\" title=\"https:\/\/www.liberation.fr\/international\/moyen-orient\/letat-palestinien-est-en-train-detre-efface-israel-approuve-un-plan-majeur-de-colonisation-qui-couperait-la-cisjordanie-en-deux-20250820_AOV444UQABEG7BVLULKYVKUXZE\/\">les op\u00e9rations de colonisation de la Cisjordanie se poursuivent.<\/a> L\u2019administration civile a approuv\u00e9 mercredi \u00abla planification pour la construction du quartier E1\u00bb, s\u2019est r\u00e9joui mercredi le maire de la colonie de Maal\u00e9 Adoumim. 3 400 logements doivent \u00eatre construits dans ce territoire, un projet d\u00e9nonc\u00e9 par l\u2019ONU et plusieurs dirigeants qui y voient une voie directe vers la d\u00e9coupe du territoire palestinien en deux, compromettant toute continuit\u00e9 territoriale d\u2019un \u00e9ventuel Etat palestinien.<\/p>\n<p class=\"sc-ksZaOG ehjQrN text-element\">\u00abCela ancre la division de la Cisjordanie occup\u00e9e en zones et cantons isol\u00e9s, d\u00e9connect\u00e9s g\u00e9ographiquement et ressemblant \u00e0 de v\u00e9ritables prisons o\u00f9 les d\u00e9placements entre eux ne sont possibles qu\u2019\u00e0 travers des points de contr\u00f4le d\u2019occupation, au milieu de la terreur des milices de colons arm\u00e9s diss\u00e9min\u00e9es\u00bb, s\u2019est indign\u00e9e l\u2019Autorit\u00e9 palestinienne, qualifiant le projet E1 de nouveau \u00abcrime de colonisation\u00bb.<\/p>\n<p class=\"sc-ksZaOG ehjQrN text-element\"><b>Mise \u00e0 jour <\/b>\u00e0 15 h 10, avec l\u2019annonce de l\u2019arm\u00e9e isra\u00e9lienne concernant l\u2019\u00e9vacuation au nord de la bande de Gaza<\/p>\n","protected":false},"excerpt":{"rendered":"Au lendemain de son approbation par le ministre de la D\u00e9fense, et malgr\u00e9 la d\u00e9fiance internationale, et particuli\u00e8rement&hellip;\n","protected":false},"author":2,"featured_media":334000,"comment_status":"","ping_status":"","sticky":false,"template":"","format":"standard","meta":{"footnotes":""},"categories":[5],"tags":[11,952,2486,1011,27,3522,14,664,12,28],"class_list":{"0":"post-333999","1":"post","2":"type-post","3":"status-publish","4":"format-standard","5":"has-post-thumbnail","7":"category-international","8":"tag-actualites","9":"tag-benyamin-netanyahou","10":"tag-cisjordanie","11":"tag-fr","12":"tag-france","13":"tag-guerre-hamas-israel","14":"tag-international","15":"tag-israel","16":"tag-news","17":"tag-world"},"share_on_mastodon":{"url":"https:\/\/pubeurope.com\/@fr\/115067046231066219","error":""},"_links":{"self":[{"href":"https:\/\/www.europesays.com\/fr\/wp-json\/wp\/v2\/posts\/333999","targetHints":{"allow":["GET"]}}],"collection":[{"href":"https:\/\/www.europesays.com\/fr\/wp-json\/wp\/v2\/posts"}],"about":[{"href":"https:\/\/www.europesays.com\/fr\/wp-json\/wp\/v2\/types\/post"}],"author":[{"embeddable":true,"href":"https:\/\/www.europesays.com\/fr\/wp-json\/wp\/v2\/users\/2"}],"replies":[{"embeddable":true,"href":"https:\/\/www.europesays.com\/fr\/wp-json\/wp\/v2\/comments?post=333999"}],"version-history":[{"count":0,"href":"https:\/\/www.europesays.com\/fr\/wp-json\/wp\/v2\/posts\/333999\/revisions"}],"wp:featuredmedia":[{"embeddable":true,"href":"https:\/\/www.europesays.com\/fr\/wp-json\/wp\/v2\/media\/334000"}],"wp:attachment":[{"href":"https:\/\/www.europesays.com\/fr\/wp-json\/wp\/v2\/media?parent=333999"}],"wp:term":[{"taxonomy":"category","embeddable":true,"href":"https:\/\/www.europesays.com\/fr\/wp-json\/wp\/v2\/categories?post=333999"},{"taxonomy":"post_tag","embeddable":true,"href":"https:\/\/www.europesays.com\/fr\/wp-json\/wp\/v2\/tags?post=333999"}],"curies":[{"name":"wp","href":"https:\/\/api.w.org\/{rel}","templated":true}]}}