{"id":334001,"date":"2025-08-21T13:42:12","date_gmt":"2025-08-21T13:42:12","guid":{"rendered":"https:\/\/www.europesays.com\/fr\/334001\/"},"modified":"2025-08-21T13:42:12","modified_gmt":"2025-08-21T13:42:12","slug":"francois-bayrou-sera-en-danger-des-le-premier-jour-de-la-rentree-parlementaire","status":"publish","type":"post","link":"https:\/\/www.europesays.com\/fr\/334001\/","title":{"rendered":"Fran\u00e7ois Bayrou sera en danger d\u00e8s le premier jour de la rentr\u00e9e parlementaire"},"content":{"rendered":"<p>        <img decoding=\"async\" loading=\"lazy\" src=\"https:\/\/www.europesays.com\/fr\/wp-content\/uploads\/2025\/08\/e484c21_upload-1-5iybcdj0knld-000-66p82a4.jpg\"  width=\"728\" height=\"410\" alt=\"Fran\u00e7ois Bayrou photographi\u00e9 le 14\u00a0juillet \u00e0 Paris (Photo by MOHAMMED BADRA \/ POOL \/ AFP)\"\/>  <\/p>\n<p>MOHAMMED BADRA \/ AFP<\/p>\n<p>Fran\u00e7ois Bayrou photographi\u00e9 le 14\u00a0juillet \u00e0 Paris (Photo by MOHAMMED BADRA \/ POOL \/ AFP)<\/p>\n<p class=\"asset asset-text\">POLITIQUE &#8211; Pas de temps \u00e0 perdre. La France insoumise veut faire tomber <a href=\"https:\/\/www.huffingtonpost.fr\/politique\/article\/la-proposition-de-bayrou-sur-les-jours-feries-fait-grincer-jusque-dans-son-camp_253585.html\" target=\"_blank\" rel=\"noopener\">Fran\u00e7ois Bayrou<\/a> au plus vite, et elle le fait savoir. Le coordinateur du parti Manuel Bompard a annonc\u00e9 ce jeudi 21\u00a0ao\u00fbt que LFI d\u00e9poserait <a href=\"https:\/\/www.huffingtonpost.fr\/politique\/article\/la-motion-de-censure-deposee-par-les-socialistes-contre-francois-bayrou-est-rejetee_252048.html\" target=\"_blank\" rel=\"noopener\">une motion de censure<\/a> \u00ab\u00a0d\u00e8s le premier jour\u00a0\u00bb de la rentr\u00e9e parlementaire, pr\u00e9vue pour le moment le 22\u00a0septembre.<\/p>\n<p class=\"asset asset-text\">Sans surprise, le d\u00e9put\u00e9 a expliqu\u00e9 <a href=\"https:\/\/www.rtl.fr\/actu\/politique\/budget-2026-des-le-premier-jour-de-la-session-parlementaire-les-insoumis-deposeront-une-motion-de-censure-assure-manuel-bompard-sur-rtl-7900531951\" target=\"_blank\" rel=\"noopener\" title=\"Nouvelle fen\u00eatre\">au micro de RTL <\/a>que cette censure \u00e9tait motiv\u00e9e par <a href=\"https:\/\/www.huffingtonpost.fr\/politique\/article\/budget-2026-francois-bayrou-va-defendre-ses-mesures-d-economie-sur-youtube-et-dans-un-podcast_253276.html\" target=\"_blank\" rel=\"noopener\" title=\"Nouvelle fen\u00eatre\">le budget 2026<\/a>\u00a0pr\u00e9sent\u00e9 mi-juillet par le Premier ministre. \u00ab\u00a0Les propositions qui sont contenues dans ce plan Bayrou sont des propositions qui, si elles \u00e9taient mises en \u0153uvre, feraient beaucoup de mal au pays\u00a0\u00bb, a-t-il estim\u00e9.<\/p>\n<p class=\"asset asset-text\">\u00ab\u00a0Nous la d\u00e9poserons avec tous les parlementaires \u00e0 gauche qui souhaitent faire tomber le gouvernement,\u00a0\u00bb a-t-il ajout\u00e9. Au Parti socialiste, faire tomber le gouvernement avant m\u00eame le budget semble aussi s\u00e9duire. Le d\u00e9put\u00e9 Arthur Delaporte estime ainsi aupr\u00e8s du Parisien que la chute du Premier ministre n\u2019est \u00ab\u00a0qu\u2019une question de semaines\u00a0\u00bb. \u00ab\u00a0\u00c7a ne sert \u00e0 rien de donner du sursis \u00e0 des gens qui sont dans l\u2019erreur et qui veulent pers\u00e9v\u00e9rer\u00a0\u00bb, juge-t-il.<\/p>\n<p>    Une rentr\u00e9e aux multiples dangers    <\/p>\n<p class=\"asset asset-text\">M\u00eame dynamique chez les \u00c9cologistes, dont la col\u00e8re a \u00e9t\u00e9 raviv\u00e9e par la loi Duplomb cet \u00e9t\u00e9. \u00ab\u00a0Chaque jour qui passe, ce gouvernement nous a donn\u00e9 de nouvelles raisons de le censurer\u00a0\u00bb, explique Marine Tondelier dans un entretien \u00e0 Lib\u00e9ration, mercredi 20\u00a0ao\u00fbt, sans pr\u00e9ciser si cette censure pourrait intervenir avant m\u00eame le vote du budget. Quoi qu\u2019il en soit, la s\u00e9quence budg\u00e9taire sera \u00e0 tr\u00e8s haut risque pour Fran\u00e7ois Bayrou, notamment si le Rassemblement national met sa menace \u00e0 ex\u00e9cution et que ses d\u00e9put\u00e9s d\u00e9cident eux aussi de voter la censure.<\/p>\n<p class=\"asset asset-text\">D\u2019ici l\u00e0, c\u2019est la contestation populaire appelant \u00e0 \u00ab\u00a0tout bloquer\u00a0\u00bb <a href=\"https:\/\/www.huffingtonpost.fr\/politique\/article\/tout-bloquer-le-10-septembre-marine-tondelier-soutient-le-mouvement-le-ps-plus-prudent_253783.html\" target=\"_blank\" rel=\"noopener\">le 10\u00a0septembre<\/a> pour protester contre les annonces budg\u00e9taires de Fran\u00e7ois Bayrou qui devrait concentrer l\u2019attention du gouvernement. De premi\u00e8res turbulences avant une rentr\u00e9e parlementaire explosive.<\/p>\n","protected":false},"excerpt":{"rendered":"MOHAMMED BADRA \/ AFP Fran\u00e7ois Bayrou photographi\u00e9 le 14\u00a0juillet \u00e0 Paris (Photo by MOHAMMED BADRA \/ POOL \/&hellip;\n","protected":false},"author":2,"featured_media":334002,"comment_status":"","ping_status":"","sticky":false,"template":"","format":"standard","meta":{"footnotes":""},"categories":[4],"tags":[11,1011,27,431,418,1023,26542,12,316,25],"class_list":{"0":"post-334001","1":"post","2":"type-post","3":"status-publish","4":"format-standard","5":"has-post-thumbnail","7":"category-france","8":"tag-actualites","9":"tag-fr","10":"tag-france","11":"tag-francois-bayrou","12":"tag-gouvernement","13":"tag-la-france-insoumise-lfi","14":"tag-motion-de-censure","15":"tag-news","16":"tag-politique","17":"tag-republique-francaise"},"share_on_mastodon":{"url":"https:\/\/pubeurope.com\/@fr\/115067050083451065","error":""},"_links":{"self":[{"href":"https:\/\/www.europesays.com\/fr\/wp-json\/wp\/v2\/posts\/334001","targetHints":{"allow":["GET"]}}],"collection":[{"href":"https:\/\/www.europesays.com\/fr\/wp-json\/wp\/v2\/posts"}],"about":[{"href":"https:\/\/www.europesays.com\/fr\/wp-json\/wp\/v2\/types\/post"}],"author":[{"embeddable":true,"href":"https:\/\/www.europesays.com\/fr\/wp-json\/wp\/v2\/users\/2"}],"replies":[{"embeddable":true,"href":"https:\/\/www.europesays.com\/fr\/wp-json\/wp\/v2\/comments?post=334001"}],"version-history":[{"count":0,"href":"https:\/\/www.europesays.com\/fr\/wp-json\/wp\/v2\/posts\/334001\/revisions"}],"wp:featuredmedia":[{"embeddable":true,"href":"https:\/\/www.europesays.com\/fr\/wp-json\/wp\/v2\/media\/334002"}],"wp:attachment":[{"href":"https:\/\/www.europesays.com\/fr\/wp-json\/wp\/v2\/media?parent=334001"}],"wp:term":[{"taxonomy":"category","embeddable":true,"href":"https:\/\/www.europesays.com\/fr\/wp-json\/wp\/v2\/categories?post=334001"},{"taxonomy":"post_tag","embeddable":true,"href":"https:\/\/www.europesays.com\/fr\/wp-json\/wp\/v2\/tags?post=334001"}],"curies":[{"name":"wp","href":"https:\/\/api.w.org\/{rel}","templated":true}]}}