{"id":334005,"date":"2025-08-21T13:44:13","date_gmt":"2025-08-21T13:44:13","guid":{"rendered":"https:\/\/www.europesays.com\/fr\/334005\/"},"modified":"2025-08-21T13:44:13","modified_gmt":"2025-08-21T13:44:13","slug":"le-collectif-saint-etienne-ensemble-2026-porte-plainte-contre-un-depute-insoumis","status":"publish","type":"post","link":"https:\/\/www.europesays.com\/fr\/334005\/","title":{"rendered":"Le collectif Saint-Etienne Ensemble 2026 porte plainte contre un d\u00e9put\u00e9 insoumis"},"content":{"rendered":"<p><img loading=\"lazy\" decoding=\"async\" width=\"1024\" height=\"576\" src=\"https:\/\/www.europesays.com\/fr\/wp-content\/uploads\/2025\/08\/Hemicycle-seance-scaled-e1653243314953-1024x576.jpg\" alt=\"Assembl\u00e9e Nationale\" class=\"wp-image-32085\"  \/>\u00a9Assembl\u00e9eNationale<\/p>\n<p>Le collectif Saint-Etienne Ensemble 2026 d\u00e9clare, via un communiqu\u00e9 de presse transmis ce jour aux r\u00e9dactions, avoir d\u00e9cid\u00e9 de d\u00e9poser plainte contre le d\u00e9put\u00e9 La France Insoumise Aur\u00e9lien Tach\u00e9. Cet \u00e9lu de Cergy-Pontoise a \u00e9crit lundi, dans un post sur X : \u00ab La police tue partout. Dans le Val-d\u2019Oise o\u00f9 je suis \u00e9lu, comme dans les Deux-S\u00e8vres o\u00f9 j\u2019ai grandi \u00bb. Une r\u00e9action \u00e0 un message concernant un homme de 33 ans, bless\u00e9 mortellement le 21 mai par les tirs d\u2019un gendarme en intervention pour tapage nocturne pr\u00e8s de Niort. Dans la foul\u00e9e, le pr\u00e9fet du Val-d\u2019Oise, Philippe Court, a d\u00e9pos\u00e9 plainte pour ces propos qu\u2019il juge diffamatoires et mensongers.<\/p>\n<p>Climat de m\u00e9fiance<\/p>\n<p>Une initiative salu\u00e9e par le collectif Saint-Etienne Ensemble 2026, qui a donc d\u00e9cid\u00e9 de lui embo\u00eeter le pas. \u00ab\u00a0De tels propos sont non seulement irresponsables, mais portent \u00e9galement atteinte \u00e0 l\u2019honneur et \u00e0 la r\u00e9putation des forces de l\u2019ordre qui, chaque jour, se consacrent \u00e0 la protection de nos concitoyens\u00a0\u00bb, pointe le collectif, compos\u00e9 de Dino Cinieri, Quentin Bataillon, Lionel Boucher, Zahra Bencharif, Alain Berth\u00e9as et Emmanuel Mandon. Pour eux, ce type de propos contribue \u00e0 instaurer un climat de m\u00e9fiance de la population envers les forces de police. <\/p>\n<p>Invit\u00e9 \u00e0 supprimer son message, Aur\u00e9lien Tach\u00e9 a d\u00e9clar\u00e9 \u00e0 l\u2019AFP qu\u2019il n\u2019en \u00e9tait pas question et qu\u2019il \u00e9tait choquant que l\u2019Etat essaye d\u2019\u00e9touffer les voix qui d\u00e9noncent les violences polici\u00e8res.<\/p>\n","protected":false},"excerpt":{"rendered":"\u00a9Assembl\u00e9eNationale Le collectif Saint-Etienne Ensemble 2026 d\u00e9clare, via un communiqu\u00e9 de presse transmis ce jour aux r\u00e9dactions, avoir&hellip;\n","protected":false},"author":2,"featured_media":334006,"comment_status":"","ping_status":"","sticky":false,"template":"","format":"standard","meta":{"footnotes":""},"categories":[9653],"tags":[1111,11,2430,1777,674,1011,27,12,25,4001],"class_list":{"0":"post-334005","1":"post","2":"type-post","3":"status-publish","4":"format-standard","5":"has-post-thumbnail","7":"category-saint-etienne","8":"tag-actu","9":"tag-actualites","10":"tag-auvergne-rhone-alpes","11":"tag-eu","12":"tag-europe","13":"tag-fr","14":"tag-france","15":"tag-news","16":"tag-republique-francaise","17":"tag-saint-etienne"},"share_on_mastodon":{"url":"https:\/\/pubeurope.com\/@fr\/115067057922431230","error":""},"_links":{"self":[{"href":"https:\/\/www.europesays.com\/fr\/wp-json\/wp\/v2\/posts\/334005","targetHints":{"allow":["GET"]}}],"collection":[{"href":"https:\/\/www.europesays.com\/fr\/wp-json\/wp\/v2\/posts"}],"about":[{"href":"https:\/\/www.europesays.com\/fr\/wp-json\/wp\/v2\/types\/post"}],"author":[{"embeddable":true,"href":"https:\/\/www.europesays.com\/fr\/wp-json\/wp\/v2\/users\/2"}],"replies":[{"embeddable":true,"href":"https:\/\/www.europesays.com\/fr\/wp-json\/wp\/v2\/comments?post=334005"}],"version-history":[{"count":0,"href":"https:\/\/www.europesays.com\/fr\/wp-json\/wp\/v2\/posts\/334005\/revisions"}],"wp:featuredmedia":[{"embeddable":true,"href":"https:\/\/www.europesays.com\/fr\/wp-json\/wp\/v2\/media\/334006"}],"wp:attachment":[{"href":"https:\/\/www.europesays.com\/fr\/wp-json\/wp\/v2\/media?parent=334005"}],"wp:term":[{"taxonomy":"category","embeddable":true,"href":"https:\/\/www.europesays.com\/fr\/wp-json\/wp\/v2\/categories?post=334005"},{"taxonomy":"post_tag","embeddable":true,"href":"https:\/\/www.europesays.com\/fr\/wp-json\/wp\/v2\/tags?post=334005"}],"curies":[{"name":"wp","href":"https:\/\/api.w.org\/{rel}","templated":true}]}}