{"id":334007,"date":"2025-08-21T13:45:13","date_gmt":"2025-08-21T13:45:13","guid":{"rendered":"https:\/\/www.europesays.com\/fr\/334007\/"},"modified":"2025-08-21T13:45:13","modified_gmt":"2025-08-21T13:45:13","slug":"un-individu-interpelle-avec-une-barre-de-fer","status":"publish","type":"post","link":"https:\/\/www.europesays.com\/fr\/334007\/","title":{"rendered":"un individu interpell\u00e9 avec une barre de fer"},"content":{"rendered":"<p>Lundi 18\u00a0ao\u00fbt, aux alentours de 20\u00a0h\u00a030, les services de police sont intervenus pour une rixe dans le quartier du Cr\u00eat de Roc\u00a0: un individu fortement alcoolis\u00e9 avait frapp\u00e9 une personne avec une barre de fer d\u2019une longueur d\u2019environ 1,20\u00a0m.<\/p>\n<p>Plac\u00e9 en garde \u00e0 vue<\/p>\n<p>Il a \u00e9t\u00e9 prescrit \u00e0 la victime une ITT (interruption temporaire de travail) de trois jours.<\/p>\n<p>L\u2019auteur soup\u00e7onn\u00e9 des faits a \u00e9t\u00e9 plac\u00e9 en garde \u00e0 vue et sera d\u00e9f\u00e9r\u00e9 pour une convocation devant un magistrat ult\u00e9rieurement.<\/p>\n","protected":false},"excerpt":{"rendered":"Lundi 18\u00a0ao\u00fbt, aux alentours de 20\u00a0h\u00a030, les services de police sont intervenus pour une rixe dans le quartier&hellip;\n","protected":false},"author":2,"featured_media":334008,"comment_status":"","ping_status":"","sticky":false,"template":"","format":"standard","meta":{"footnotes":""},"categories":[9653],"tags":[1111,11,2430,271,272,7539,1777,674,274,1011,27,3367,12,25,4001,7538],"class_list":{"0":"post-334007","1":"post","2":"type-post","3":"status-publish","4":"format-standard","5":"has-post-thumbnail","7":"category-saint-etienne","8":"tag-actu","9":"tag-actualites","10":"tag-auvergne-rhone-alpes","11":"tag-crime","12":"tag-delit-et-contravention","13":"tag-edition-loire-sud","14":"tag-eu","15":"tag-europe","16":"tag-faits-divers-justice","17":"tag-fr","18":"tag-france","19":"tag-loire","20":"tag-news","21":"tag-republique-francaise","22":"tag-saint-etienne","23":"tag-saint-etienne-ville"},"share_on_mastodon":{"url":"https:\/\/pubeurope.com\/@fr\/115067061795729353","error":""},"_links":{"self":[{"href":"https:\/\/www.europesays.com\/fr\/wp-json\/wp\/v2\/posts\/334007","targetHints":{"allow":["GET"]}}],"collection":[{"href":"https:\/\/www.europesays.com\/fr\/wp-json\/wp\/v2\/posts"}],"about":[{"href":"https:\/\/www.europesays.com\/fr\/wp-json\/wp\/v2\/types\/post"}],"author":[{"embeddable":true,"href":"https:\/\/www.europesays.com\/fr\/wp-json\/wp\/v2\/users\/2"}],"replies":[{"embeddable":true,"href":"https:\/\/www.europesays.com\/fr\/wp-json\/wp\/v2\/comments?post=334007"}],"version-history":[{"count":0,"href":"https:\/\/www.europesays.com\/fr\/wp-json\/wp\/v2\/posts\/334007\/revisions"}],"wp:featuredmedia":[{"embeddable":true,"href":"https:\/\/www.europesays.com\/fr\/wp-json\/wp\/v2\/media\/334008"}],"wp:attachment":[{"href":"https:\/\/www.europesays.com\/fr\/wp-json\/wp\/v2\/media?parent=334007"}],"wp:term":[{"taxonomy":"category","embeddable":true,"href":"https:\/\/www.europesays.com\/fr\/wp-json\/wp\/v2\/categories?post=334007"},{"taxonomy":"post_tag","embeddable":true,"href":"https:\/\/www.europesays.com\/fr\/wp-json\/wp\/v2\/tags?post=334007"}],"curies":[{"name":"wp","href":"https:\/\/api.w.org\/{rel}","templated":true}]}}