{"id":334009,"date":"2025-08-21T13:46:13","date_gmt":"2025-08-21T13:46:13","guid":{"rendered":"https:\/\/www.europesays.com\/fr\/334009\/"},"modified":"2025-08-21T13:46:13","modified_gmt":"2025-08-21T13:46:13","slug":"triplette-gagnante-de-joueurs-locaux-au-concours-aines","status":"publish","type":"post","link":"https:\/\/www.europesays.com\/fr\/334009\/","title":{"rendered":"triplette gagnante de joueurs locaux au concours \u00ab\u00a0a\u00een\u00e9s\u00a0\u00bb"},"content":{"rendered":"<p>Ce sont 43 triplettes qui se sont rencontr\u00e9es au parc du Ch\u00e2teau de Bas ce mardi 19\u00a0ao\u00fbt pour disputer le concours \u00ab\u00a0a\u00een\u00e9s\u00a0\u00bb. La victoire est revenue \u00e0 une des \u00e9quipes de la localit\u00e9, compos\u00e9e de Daniel, Philippe et \u00ab\u00a0Nono\u00a0\u00bb. Les gagnants des quatre parties s\u2019\u00e9taient d\u00e9j\u00e0 fait remarquer en juillet dernier, remportant la 2e \u00a0place lors du challenge Raymond-Maury.<\/p>\n","protected":false},"excerpt":{"rendered":"Ce sont 43 triplettes qui se sont rencontr\u00e9es au parc du Ch\u00e2teau de Bas ce mardi 19\u00a0ao\u00fbt pour&hellip;\n","protected":false},"author":2,"featured_media":334010,"comment_status":"","ping_status":"","sticky":false,"template":"","format":"standard","meta":{"footnotes":""},"categories":[9635],"tags":[1111,11,13561,13560,1687,1704,1777,674,1011,27,775,1702,12,25,104],"class_list":{"0":"post-334009","1":"post","2":"type-post","3":"status-publish","4":"format-standard","5":"has-post-thumbnail","7":"category-nancy","8":"tag-actu","9":"tag-actualites","10":"tag-cc-du-bassin-de-pompey-54b2","11":"tag-champigneulles","12":"tag-culture-loisirs","13":"tag-edition-nancy-et-agglomeration","14":"tag-eu","15":"tag-europe","16":"tag-fr","17":"tag-france","18":"tag-grand-est","19":"tag-nancy","20":"tag-news","21":"tag-republique-francaise","22":"tag-societe"},"share_on_mastodon":{"url":"https:\/\/pubeurope.com\/@fr\/115067065723218484","error":""},"_links":{"self":[{"href":"https:\/\/www.europesays.com\/fr\/wp-json\/wp\/v2\/posts\/334009","targetHints":{"allow":["GET"]}}],"collection":[{"href":"https:\/\/www.europesays.com\/fr\/wp-json\/wp\/v2\/posts"}],"about":[{"href":"https:\/\/www.europesays.com\/fr\/wp-json\/wp\/v2\/types\/post"}],"author":[{"embeddable":true,"href":"https:\/\/www.europesays.com\/fr\/wp-json\/wp\/v2\/users\/2"}],"replies":[{"embeddable":true,"href":"https:\/\/www.europesays.com\/fr\/wp-json\/wp\/v2\/comments?post=334009"}],"version-history":[{"count":0,"href":"https:\/\/www.europesays.com\/fr\/wp-json\/wp\/v2\/posts\/334009\/revisions"}],"wp:featuredmedia":[{"embeddable":true,"href":"https:\/\/www.europesays.com\/fr\/wp-json\/wp\/v2\/media\/334010"}],"wp:attachment":[{"href":"https:\/\/www.europesays.com\/fr\/wp-json\/wp\/v2\/media?parent=334009"}],"wp:term":[{"taxonomy":"category","embeddable":true,"href":"https:\/\/www.europesays.com\/fr\/wp-json\/wp\/v2\/categories?post=334009"},{"taxonomy":"post_tag","embeddable":true,"href":"https:\/\/www.europesays.com\/fr\/wp-json\/wp\/v2\/tags?post=334009"}],"curies":[{"name":"wp","href":"https:\/\/api.w.org\/{rel}","templated":true}]}}