{"id":334011,"date":"2025-08-21T13:47:11","date_gmt":"2025-08-21T13:47:11","guid":{"rendered":"https:\/\/www.europesays.com\/fr\/334011\/"},"modified":"2025-08-21T13:47:11","modified_gmt":"2025-08-21T13:47:11","slug":"lavant-match-tout-savoir-sur-la-3e-journee-de-championnat","status":"publish","type":"post","link":"https:\/\/www.europesays.com\/fr\/334011\/","title":{"rendered":"L&rsquo;avant-match | Tout savoir sur la 3e journ\u00e9e de championnat"},"content":{"rendered":"<p>            <b>La derni\u00e8re confrontation<\/b><\/p>\n<p class=\"p3\">\n<p><b>Le contexte<\/b><\/p>\n<p class=\"p3\">Les \u00ab Bleu et Blanc \u00bb re\u00e7oivent l\u2019AS Nancy Lorraine, fra\u00eechement promue en Ligue 2 BKT, pour le compte de la 3\u1d49 journ\u00e9e de championnat.<br \/>Adversaires de longue date, les deux formations s\u2019affronteront pour la 13\u1d49 fois depuis 1993. Avantage aux Nanc\u00e9iens avec 6 victoires, contre 2 pour les Dunkerquois.<\/p>\n<p><b>USL Dunkerque<\/b><\/p>\n<p class=\"p3\">En d\u00e9placement au stade Gaston-G\u00e9rard, les Maritimes affrontaient le FC Annecy pour la 2\u1d49 journ\u00e9e de championnat. Men\u00e9e 2-0, l\u2019USL Dunkerque r\u00e9duit l\u2019\u00e9cart avant la pause puis \u00e9galise d\u00e8s le retour des vestiaires. Le score en reste l\u00e0 : 2 buts partout, comme lors de la premi\u00e8re journ\u00e9e face au Clermont Foot 63.<br \/>Apr\u00e8s ces deux matchs nuls, les Maritimes auront \u00e0 c\u0153ur de d\u00e9crocher une premi\u00e8re victoire face \u00e0 l\u2019AS Nancy Lorraine, \u00e0 domicile.<\/p>\n<p><b>AS Nancy Lorraine<\/b><\/p>\n<p class=\"p3\">De son c\u00f4t\u00e9, l\u2019AS Nancy Lorraine a bien entam\u00e9 son championnat avec un match nul face \u00e0 Rodez puis une victoire contre Boulogne. Un seul buteur dans cette derni\u00e8re rencontre : Zakaria Fdaouch, qui a ouvert le score dans les 20 premi\u00e8res minutes, un avantage que les Nanc\u00e9iens ont su conserver jusqu\u2019au coup de sifflet final.<\/p>\n<p><b>Les stats\u2019<\/b><\/p>\n<ul>\n<li class=\"p2\">Dunkerque reste sur quatre matches nuls en Ligue 2 BKT, c\u2019est autant que lors de ses 33 pr\u00e9c\u00e9dentes rencontres dans la division (17V 12D).<\/li>\n<li>\n<p class=\"p2\">Antoine Sekongo a marqu\u00e9 et d\u00e9livr\u00e9 une assist lors de son dernier match de Ligue 2 BKT le 16 ao\u00fbt contre Annecy, apr\u00e8s avoir d\u00e9j\u00e0 marqu\u00e9 lors de la premi\u00e8re journ\u00e9e contre Clermont. Le joueur de Dunkerque est ainsi impliqu\u00e9 dans trois buts en deux matches cette saison, contre un seul en 26 rencontres la saison pass\u00e9e (1 but).<\/p>\n<\/li>\n<li>\n<p class=\"p2\">Nancy compte quatre points apr\u00e8s deux matches de Ligue 2 BKT 2025\/26, soit autant de points que lors de ses cinq derni\u00e8res saisons cumul\u00e9es dans la division \u00e0 ce stade (0 en 2021\/22, 1 en 2020\/21, 2 en 2019\/20, 0 en 2018\/19 et 1 en 2017\/18).<\/p>\n<\/li>\n<\/ul>\n<p><b>Le joueur \u00e0 suivre<\/b><\/p>\n<p class=\"p3\">Zakaria Fdaouch, attaquant de 27 ans, a gravi les \u00e9chelons du football amateur (Saint-Malo, Martigues) avant d\u2019exploser \u00e0 Dijon avec 10 buts et 8 passes d\u00e9cisives en National. Apr\u00e8s un passage remarqu\u00e9 en Belgique au KMSK Deinze, il s\u2019est engag\u00e9 en janvier 2025 avec l\u2019AS Nancy-Lorraine jusqu\u2019en 2027. Joueur rapide et percutant, il s\u2019impose d\u00e9sormais comme l\u2019une des nouvelles armes offensives de l\u2019ASNL en Ligue 2 BKT.<\/p>\n","protected":false},"excerpt":{"rendered":"La derni\u00e8re confrontation Le contexte Les \u00ab Bleu et Blanc \u00bb re\u00e7oivent l\u2019AS Nancy Lorraine, fra\u00eechement promue en&hellip;\n","protected":false},"author":2,"featured_media":334012,"comment_status":"","ping_status":"","sticky":false,"template":"","format":"standard","meta":{"footnotes":""},"categories":[9635],"tags":[1111,11,1777,674,1011,27,775,1702,12,25],"class_list":{"0":"post-334011","1":"post","2":"type-post","3":"status-publish","4":"format-standard","5":"has-post-thumbnail","7":"category-nancy","8":"tag-actu","9":"tag-actualites","10":"tag-eu","11":"tag-europe","12":"tag-fr","13":"tag-france","14":"tag-grand-est","15":"tag-nancy","16":"tag-news","17":"tag-republique-francaise"},"share_on_mastodon":{"url":"https:\/\/pubeurope.com\/@fr\/115067069744331760","error":""},"_links":{"self":[{"href":"https:\/\/www.europesays.com\/fr\/wp-json\/wp\/v2\/posts\/334011","targetHints":{"allow":["GET"]}}],"collection":[{"href":"https:\/\/www.europesays.com\/fr\/wp-json\/wp\/v2\/posts"}],"about":[{"href":"https:\/\/www.europesays.com\/fr\/wp-json\/wp\/v2\/types\/post"}],"author":[{"embeddable":true,"href":"https:\/\/www.europesays.com\/fr\/wp-json\/wp\/v2\/users\/2"}],"replies":[{"embeddable":true,"href":"https:\/\/www.europesays.com\/fr\/wp-json\/wp\/v2\/comments?post=334011"}],"version-history":[{"count":0,"href":"https:\/\/www.europesays.com\/fr\/wp-json\/wp\/v2\/posts\/334011\/revisions"}],"wp:featuredmedia":[{"embeddable":true,"href":"https:\/\/www.europesays.com\/fr\/wp-json\/wp\/v2\/media\/334012"}],"wp:attachment":[{"href":"https:\/\/www.europesays.com\/fr\/wp-json\/wp\/v2\/media?parent=334011"}],"wp:term":[{"taxonomy":"category","embeddable":true,"href":"https:\/\/www.europesays.com\/fr\/wp-json\/wp\/v2\/categories?post=334011"},{"taxonomy":"post_tag","embeddable":true,"href":"https:\/\/www.europesays.com\/fr\/wp-json\/wp\/v2\/tags?post=334011"}],"curies":[{"name":"wp","href":"https:\/\/api.w.org\/{rel}","templated":true}]}}