{"id":334016,"date":"2025-08-21T13:50:13","date_gmt":"2025-08-21T13:50:13","guid":{"rendered":"https:\/\/www.europesays.com\/fr\/334016\/"},"modified":"2025-08-21T13:50:13","modified_gmt":"2025-08-21T13:50:13","slug":"trois-jours-de-musique-et-de-fete-gratuite-au-parc-montcalm","status":"publish","type":"post","link":"https:\/\/www.europesays.com\/fr\/334016\/","title":{"rendered":"Trois jours de musique et de f\u00eate gratuite au parc Montcalm"},"content":{"rendered":"<p class=\"p4\">Ce festival pluridisciplinaire, qui accueille une centaine d\u2019artistes et d\u2019acteurs locaux, promet une programmation riche et vari\u00e9e pour tous les \u00e2ges. Au programme : des concerts, des spectacles, des tables rondes, des expositions, un village associatif, un espace d\u00e9di\u00e9 aux enfants (Kidz), et bien s\u00fbr, des food trucks.<\/p>\n<p><b>Une programmation musicale \u00e9clectique<\/b><\/p>\n<p class=\"p4\">Voici un aper\u00e7u de la programmation qui vous attend sur la grande sc\u00e8ne :<\/p>\n<p class=\"p4\"><b>Samedi 30 ao\u00fbt :<\/b><b\/><\/p>\n<ul class=\"ul1\">\n<li class=\"li4\"><b>18h :<\/b> Full T\u00fckan<\/li>\n<li class=\"li4\"><b>20h :<\/b> Myra<\/li>\n<li class=\"li4\"><b>22h :<\/b> M\u00f4 Kalamity<\/li>\n<\/ul>\n<p class=\"p4\"><b>Dimanche 31 ao\u00fbt :<\/b><b\/><\/p>\n<ul class=\"ul1\">\n<li class=\"li4\"><b>18h :<\/b> MANGO MANGO<\/li>\n<li class=\"li4\"><b>20h :<\/b> Mauvaise bouche<\/li>\n<li class=\"li4\"><b>22h :<\/b> Alee &amp; Mourad Musset de La Rue K\u00e9tanou<\/li>\n<\/ul>\n<p class=\"p4\">Les apr\u00e8s-midis (12h-16h) seront anim\u00e9s sur l\u2019esplanade pour lancer les festivit\u00e9s.<\/p>\n<p><b>Un \u00e9v\u00e9nement solidaire et \u00e9co-responsable<\/b><\/p>\n<p class=\"p4\">Le festival continue de grandir et de se diversifier. Cette ann\u00e9e, le <b>village associatif<\/b> s\u2019agrandit avec une trentaine d\u2019associations pr\u00e9sentes. L\u2019<b>espace Kidz<\/b> proposera un programme enrichi tout l\u2019apr\u00e8s-midi, pour le plus grand plaisir des plus jeunes.<\/p>\n<p class=\"p4\">Malgr\u00e9 la fermeture du service H\u00e9rault Mat\u00e9riel Sc\u00e9nique (HMS) qui aurait pu compromettre l\u2019\u00e9v\u00e9nement, la solidarit\u00e9 des associations Hors2low et Cactus Event a permis de maintenir le festival. Le MAMA STOCK Festival les remercie chaleureusement pour leur soutien.<\/p>\n<p class=\"p4\">Labellis\u00e9 \u00ab\u00a0LABEL et la f\u00eate\u00a0\u00bb INCLUSION, l\u2019\u00e9v\u00e9nement s\u2019inscrit \u00e9galement dans une d\u00e9marche <b>\u00e9co-responsable<\/b>, cherchant \u00e0 sensibiliser le public \u00e0 des pratiques respectueuses de l\u2019environnement.<\/p>\n<p class=\"p8\">Plus d\u2019info : <a href=\"https:\/\/www.mamasound.fr\/\" rel=\"nofollow noopener\" target=\"_blank\">https:\/\/www.mamasound.fr\/<\/a><\/p>\n<blockquote class=\"instagram-media\" style=\"background: #FFF; border: 0; border-radius: 3px; box-shadow: 0 0 1px 0 rgba(0,0,0,0.5),0 1px 10px 0 rgba(0,0,0,0.15); margin: 1px; max-width: 540px; min-width: 326px; padding: 0; width: calc(100% - 2px);\" data-instgrm-captioned=\"\" data-instgrm-permalink=\"https:\/\/www.instagram.com\/reel\/DNlPivXskcz\/?utm_source=ig_embed&amp;utm_campaign=loading\" data-instgrm-version=\"14\">\n<\/blockquote>\n<p>\t\t\t\t\t\t\t\t\t\t\t\t\t\t\t<script async src=\"\/\/www.instagram.com\/embed.js\"><\/script><\/p>\n","protected":false},"excerpt":{"rendered":"Ce festival pluridisciplinaire, qui accueille une centaine d\u2019artistes et d\u2019acteurs locaux, promet une programmation riche et vari\u00e9e pour&hellip;\n","protected":false},"author":2,"featured_media":334017,"comment_status":"","ping_status":"","sticky":false,"template":"","format":"standard","meta":{"footnotes":""},"categories":[9599],"tags":[1111,11,1777,674,1011,27,2208,12,2680,25],"class_list":{"0":"post-334016","1":"post","2":"type-post","3":"status-publish","4":"format-standard","5":"has-post-thumbnail","7":"category-montpellier","8":"tag-actu","9":"tag-actualites","10":"tag-eu","11":"tag-europe","12":"tag-fr","13":"tag-france","14":"tag-montpellier","15":"tag-news","16":"tag-occitanie","17":"tag-republique-francaise"},"share_on_mastodon":{"url":"https:\/\/pubeurope.com\/@fr\/115067081494608044","error":""},"_links":{"self":[{"href":"https:\/\/www.europesays.com\/fr\/wp-json\/wp\/v2\/posts\/334016","targetHints":{"allow":["GET"]}}],"collection":[{"href":"https:\/\/www.europesays.com\/fr\/wp-json\/wp\/v2\/posts"}],"about":[{"href":"https:\/\/www.europesays.com\/fr\/wp-json\/wp\/v2\/types\/post"}],"author":[{"embeddable":true,"href":"https:\/\/www.europesays.com\/fr\/wp-json\/wp\/v2\/users\/2"}],"replies":[{"embeddable":true,"href":"https:\/\/www.europesays.com\/fr\/wp-json\/wp\/v2\/comments?post=334016"}],"version-history":[{"count":0,"href":"https:\/\/www.europesays.com\/fr\/wp-json\/wp\/v2\/posts\/334016\/revisions"}],"wp:featuredmedia":[{"embeddable":true,"href":"https:\/\/www.europesays.com\/fr\/wp-json\/wp\/v2\/media\/334017"}],"wp:attachment":[{"href":"https:\/\/www.europesays.com\/fr\/wp-json\/wp\/v2\/media?parent=334016"}],"wp:term":[{"taxonomy":"category","embeddable":true,"href":"https:\/\/www.europesays.com\/fr\/wp-json\/wp\/v2\/categories?post=334016"},{"taxonomy":"post_tag","embeddable":true,"href":"https:\/\/www.europesays.com\/fr\/wp-json\/wp\/v2\/tags?post=334016"}],"curies":[{"name":"wp","href":"https:\/\/api.w.org\/{rel}","templated":true}]}}