{"id":334019,"date":"2025-08-21T13:54:34","date_gmt":"2025-08-21T13:54:34","guid":{"rendered":"https:\/\/www.europesays.com\/fr\/334019\/"},"modified":"2025-08-21T13:54:34","modified_gmt":"2025-08-21T13:54:34","slug":"la-solitaire-du-figaro-attend-ses-marins-a-rouen-vainqueur-en-2024-tom-dolan-part-avec-un-statut-bien-particulier-celui-de-favori","status":"publish","type":"post","link":"https:\/\/www.europesays.com\/fr\/334019\/","title":{"rendered":"La Solitaire du Figaro attend ses marins \u00e0 Rouen, vainqueur en 2024, Tom Dolan part avec un statut bien particulier, celui de favori"},"content":{"rendered":"<p>\u00a0<\/p>\n<p>Les semaines d\u00e9filent et dans 10 jours, le village de la 56e \u00e9dition de La Solitaire du Figaro Paprec ouvrira ses portes \u00e0 Rouen, ville de d\u00e9part pour les 35 solitaires engag\u00e9s cette ann\u00e9e. Du 30 ao\u00fbt au 5 septembre, Rouen accueillera, de nouveau, le grand d\u00e9part d\u2019une course qui f\u00eate cette ann\u00e9e ses 55 ans. Une nouvelle \u00e9dition qui devrait laisser les marins s\u2019exprimer sur des parcours engag\u00e9s, le long des magnifiques c\u00f4tes normandes, bretonnes et espagnoles, avec de mythiques points de passage comme le rocher du Fastnet, la Pointe du Raz et le Cap Finisterre. <a href=\"https:\/\/blogger.googleusercontent.com\/img\/b\/R29vZ2xl\/AVvXsEg5CuhLuqqUxGY324kWMOiQLfGyErMAJS9Elr2xv8B6yV5H2Bs36jMdWV50Jg6uc9zmrXVqHch-Xd4Dt85Tg25xObEpKooJFW_4kKZVWxwKDIU-lR1JfkTqEZBwdfc7mVLdtsJT86O78v64u9zTzBbZJ1pIWWZ1gxM9Qz4xBuE2ZN4AShP80HcDJi6wqOkZ\/s2000\/vo-lasolitaire-51069.jpg\" imageanchor=\"1\" style=\"margin-left: 1em; margin-right: 1em;\" target=\"_blank\" rel=\"noopener\"><img loading=\"lazy\" decoding=\"async\" border=\"0\" data-original-height=\"1334\" data-original-width=\"2000\" height=\"266\" src=\"https:\/\/www.europesays.com\/fr\/wp-content\/uploads\/2025\/08\/vo-lasolitaire-51069.jpg\" width=\"400\"\/><\/a><br \/>Tous tr\u00e9pignent d\u2019impatience. Si cette p\u00e9riode estivale semble plus propice au farniente, le mode solitaire est d\u00e9j\u00e0 enclench\u00e9 dans l\u2019esprit des 35 marins qui vont prendre le d\u00e9part de la 56e \u00e9dition de la Solitaire du Figaro Paprec le 7 septembre prochain. Les Figaro sont d\u00e9j\u00e0 \u00e0 l\u2019eau, certains s&rsquo;entra\u00eenent dessus, d\u2019autres s\u2019emploient \u00e0 parfaire leur pr\u00e9paration sur d\u2019autres supports mais l\u2019objectif de cette saison est bel et bien ce rendez-vous incontournable qui va alimenter les d\u00e9bats et susciter toutes les convoitises. <\/p>\n<p>La ville de Rouen en f\u00eate<\/p>\n<p>D\u00e8s le samedi 30 ao\u00fbt, les 35 skippers de cette nouvelle \u00e9dition 2025 de La Solitaire du Figaro Paprec seront pr\u00e9sents \u00e0 Rouen pour une magnifique f\u00eate le long des quais de la Seine. Apr\u00e8s avoir remont\u00e9 le fleuve depuis Le Havre, c\u2019est \u00e0 20h50, une fois que le pont Flaubert aura soulev\u00e9 son tablier, que les marins prendront place pour 6 jours de festivit\u00e9s, d\u2019animations et de rendez-vous avec le public.<\/p>\n<p>La ville de Rouen sera donc une nouvelle fois au c\u0153ur de la course. Des rendez-vous incontournables sont d\u00e9j\u00e0 planifi\u00e9s \u00e0 l\u2019image de l\u2019inauguration officielle du village qui se tiendra le dimanche 31 ao\u00fbt \u00e0 14h30. S\u2019en suivra la grande pr\u00e9sentation des skippers, certainement le moment le plus attendu par le public \u00e0 15h30.<\/p>\n<p>Chaque jour, \u00e0 partir du lundi 1er septembre, des s\u00e9ances de d\u00e9dicaces seront organis\u00e9es entre les marins et le public. Un \u00e9change toujours particulier qui permet aux petits et grands de partager un moment avec ces marins hors du commun. <\/p>\n<p>Le journal de La Solitaire, anim\u00e9 par Serge Herbin, se tiendra tous les jours avec de nombreux invit\u00e9s qui apporteront leur regard et leur analyse sur cette course qui fait int\u00e9gralement partie du patrimoine maritime fran\u00e7ais.<\/p>\n<p>Outre les tr\u00e8s nombreuses animations autour de la voile et de la mer, le point d\u2019orgue de cette semaine de f\u00eate sera le grand d\u00e9part des skippers le vendredi 5 septembre \u00e0 partir de 12h30. Apr\u00e8s une longue descente de la Seine, le long des m\u00e9andres du fleuve, c\u2019est au Havre que les marins vont s\u2019amarrer pour, une derni\u00e8re journ\u00e9e de briefing et de contr\u00f4les et enfin s\u2019\u00e9lancer pour la premi\u00e8re des trois \u00e9tapes de cette 56e \u00e9dition de la Solitaire du Figaro Paprec.\n<\/p>\n<p>35 solitaires pour un titre<\/p>\n<p>Pendant trois semaines, sur trois \u00e9tapes d\u2019une longueur totale de 1850 milles, 35 marins, dont 13 bizuths, 8 femmes et 5 \u00e9trangers  vont s\u2019affronter sur un parcours engag\u00e9, fruit de la r\u00e9flexion du directeur de course Yann Ch\u00e2teau. Entre la difficult\u00e9 de la Manche, le parcours quasi hauturier et le redoutable contournement de la pointe de la Bretagne, le m\u00e9lange des genres offrira aux skippers, pl\u00e9thore d\u2019options afin de briller et d\u2019esp\u00e9rer creuser l\u2019\u00e9cart pour bien figurer au classement g\u00e9n\u00e9ral. Vainqueur en 2024, Tom Dolan (Kingspan) part avec un statut bien particulier, celui de favori, mais de nombreux marins esp\u00e8rent accrocher leur nom \u00e0 cette course o\u00f9 naissent les l\u00e9gendes, \u00e0 l\u2019image d\u2019Alexis Loison (Groupe REEL), r\u00e9cent vainqueur de la Fastnet Race, Charlotte Yven (Skipper MACIF 2023) qui aimerait bien devenir la premi\u00e8re femme \u00e0 remporter cette \u00e9preuve. Si quelques skippers, grands acteurs de l\u2019\u00e9dition 2024, sont partis voguer sur d\u2019autres supports, le Top 10 reste tr\u00e8s ouvert et la physionomie de cette nouvelle \u00e9dition devrait permettre \u00e0 certains de s\u2019exprimer. La Solitaire du Figaro se gagne en temps r\u00e9el o\u00f9 chaque minute, chaque seconde est essentielle pour le classement g\u00e9n\u00e9ral. Il faudra puiser au plus profond de ses capacit\u00e9s pour l\u2019emporter.<\/p>\n<p>Source : Rivacom<\/p>\n","protected":false},"excerpt":{"rendered":"\u00a0 Les semaines d\u00e9filent et dans 10 jours, le village de la 56e \u00e9dition de La Solitaire du&hellip;\n","protected":false},"author":2,"featured_media":334020,"comment_status":"","ping_status":"","sticky":false,"template":"","format":"standard","meta":{"footnotes":""},"categories":[9587],"tags":[1111,11,5160,47127,1777,674,1011,27,23651,47131,23151,12,5161,47128,25,9590,47125,47132,47126,47130,23146,10887,47129,21075],"class_list":{"0":"post-334019","1":"post","2":"type-post","3":"status-publish","4":"format-standard","5":"has-post-thumbnail","7":"category-rouen","8":"tag-actu","9":"tag-actualites","10":"tag-bateau","11":"tag-catamaran","12":"tag-eu","13":"tag-europe","14":"tag-fr","15":"tag-france","16":"tag-imoca","17":"tag-la-route-du-rhum","18":"tag-monocoque","19":"tag-news","20":"tag-normandie","21":"tag-orma","22":"tag-republique-francaise","23":"tag-rouen","24":"tag-sailing","25":"tag-transat-jacques-vabre","26":"tag-trimaran","27":"tag-trophee-jules-verne","28":"tag-vendee-globe","29":"tag-voile","30":"tag-volvo-ocean-race","31":"tag-yacht"},"share_on_mastodon":{"url":"https:\/\/pubeurope.com\/@fr\/115067097465331760","error":""},"_links":{"self":[{"href":"https:\/\/www.europesays.com\/fr\/wp-json\/wp\/v2\/posts\/334019","targetHints":{"allow":["GET"]}}],"collection":[{"href":"https:\/\/www.europesays.com\/fr\/wp-json\/wp\/v2\/posts"}],"about":[{"href":"https:\/\/www.europesays.com\/fr\/wp-json\/wp\/v2\/types\/post"}],"author":[{"embeddable":true,"href":"https:\/\/www.europesays.com\/fr\/wp-json\/wp\/v2\/users\/2"}],"replies":[{"embeddable":true,"href":"https:\/\/www.europesays.com\/fr\/wp-json\/wp\/v2\/comments?post=334019"}],"version-history":[{"count":0,"href":"https:\/\/www.europesays.com\/fr\/wp-json\/wp\/v2\/posts\/334019\/revisions"}],"wp:featuredmedia":[{"embeddable":true,"href":"https:\/\/www.europesays.com\/fr\/wp-json\/wp\/v2\/media\/334020"}],"wp:attachment":[{"href":"https:\/\/www.europesays.com\/fr\/wp-json\/wp\/v2\/media?parent=334019"}],"wp:term":[{"taxonomy":"category","embeddable":true,"href":"https:\/\/www.europesays.com\/fr\/wp-json\/wp\/v2\/categories?post=334019"},{"taxonomy":"post_tag","embeddable":true,"href":"https:\/\/www.europesays.com\/fr\/wp-json\/wp\/v2\/tags?post=334019"}],"curies":[{"name":"wp","href":"https:\/\/api.w.org\/{rel}","templated":true}]}}