{"id":334021,"date":"2025-08-21T13:55:12","date_gmt":"2025-08-21T13:55:12","guid":{"rendered":"https:\/\/www.europesays.com\/fr\/334021\/"},"modified":"2025-08-21T13:55:12","modified_gmt":"2025-08-21T13:55:12","slug":"enfilez-vos-rollers-pour-une-soiree-disco","status":"publish","type":"post","link":"https:\/\/www.europesays.com\/fr\/334021\/","title":{"rendered":"enfilez vos rollers pour une soir\u00e9e disco"},"content":{"rendered":"<p>\u00c0 la rentr\u00e9e, la salle des f\u00eates Jos\u00e9phine Baker retrouvera sa fonction premi\u00e8re, celle d\u2019accueillir des \u00e9v\u00e9nements associatifs et priv\u00e9s. L\u2019inauguration est pr\u00e9vue le samedi 6\u00a0septembre, \u00e0 la suite de la rentr\u00e9e des associations qui se d\u00e9roulera le matin de 9 \u00e0 13 heures. Dans le cadre de cette inauguration, la r\u00e9ception avec les associations est ouverte \u00e0 tous \u00e0 partir de\u00a013\u00a0heures \u00e0 la grange du ch\u00e2teau. Un roller disco du collectif Dynamita\u2019s night viendra compl\u00e9ter l\u2019apr\u00e8s-midi. Cette animation permettra aux participants de danser avec des patins \u00e0 roulettes sur des musiques des ann\u00e9es 30 (pour faire honneur \u00e0 Jos\u00e9phine Baker) et des ann\u00e9es 70 (date d\u2019apparition du roller disco aux \u00c9tats-Unis).<\/p>\n<p>Deux sessions de 2 heures sont pr\u00e9vues\u00a0: de 16 \u00e0 18 heures et de 18\u00a0h\u00a030 \u00e0 20\u00a0h\u00a030. Jauge de\u00a0130 personnes, pas de limite d\u2019\u00e2ge. Pensez \u00e0 vous inscrire. Pr\u00eat de rollers et de mat\u00e9riel de protection en quantit\u00e9 limit\u00e9e, il est conseill\u00e9 de venir avec son mat\u00e9riel. Buvette de l\u2019association Eybens en f\u00eate.<\/p>\n","protected":false},"excerpt":{"rendered":"\u00c0 la rentr\u00e9e, la salle des f\u00eates Jos\u00e9phine Baker retrouvera sa fonction premi\u00e8re, celle d\u2019accueillir des \u00e9v\u00e9nements associatifs&hellip;\n","protected":false},"author":2,"featured_media":334022,"comment_status":"","ping_status":"","sticky":false,"template":"","format":"standard","meta":{"footnotes":""},"categories":[9566],"tags":[1111,11,2430,1687,112,1777,674,12390,3326,1011,27,2731,7000,12,25],"class_list":{"0":"post-334021","1":"post","2":"type-post","3":"status-publish","4":"format-standard","5":"has-post-thumbnail","7":"category-grenoble","8":"tag-actu","9":"tag-actualites","10":"tag-auvergne-rhone-alpes","11":"tag-culture-loisirs","12":"tag-edition-grenoble-agglomeration","13":"tag-eu","14":"tag-europe","15":"tag-eybens","16":"tag-fete-locale","17":"tag-fr","18":"tag-france","19":"tag-grenoble","20":"tag-lagglomeration","21":"tag-news","22":"tag-republique-francaise"},"share_on_mastodon":{"url":"https:\/\/pubeurope.com\/@fr\/115067101055423404","error":""},"_links":{"self":[{"href":"https:\/\/www.europesays.com\/fr\/wp-json\/wp\/v2\/posts\/334021","targetHints":{"allow":["GET"]}}],"collection":[{"href":"https:\/\/www.europesays.com\/fr\/wp-json\/wp\/v2\/posts"}],"about":[{"href":"https:\/\/www.europesays.com\/fr\/wp-json\/wp\/v2\/types\/post"}],"author":[{"embeddable":true,"href":"https:\/\/www.europesays.com\/fr\/wp-json\/wp\/v2\/users\/2"}],"replies":[{"embeddable":true,"href":"https:\/\/www.europesays.com\/fr\/wp-json\/wp\/v2\/comments?post=334021"}],"version-history":[{"count":0,"href":"https:\/\/www.europesays.com\/fr\/wp-json\/wp\/v2\/posts\/334021\/revisions"}],"wp:featuredmedia":[{"embeddable":true,"href":"https:\/\/www.europesays.com\/fr\/wp-json\/wp\/v2\/media\/334022"}],"wp:attachment":[{"href":"https:\/\/www.europesays.com\/fr\/wp-json\/wp\/v2\/media?parent=334021"}],"wp:term":[{"taxonomy":"category","embeddable":true,"href":"https:\/\/www.europesays.com\/fr\/wp-json\/wp\/v2\/categories?post=334021"},{"taxonomy":"post_tag","embeddable":true,"href":"https:\/\/www.europesays.com\/fr\/wp-json\/wp\/v2\/tags?post=334021"}],"curies":[{"name":"wp","href":"https:\/\/api.w.org\/{rel}","templated":true}]}}