{"id":334023,"date":"2025-08-21T13:56:18","date_gmt":"2025-08-21T13:56:18","guid":{"rendered":"https:\/\/www.europesays.com\/fr\/334023\/"},"modified":"2025-08-21T13:56:18","modified_gmt":"2025-08-21T13:56:18","slug":"meteo-apres-les-violents-orages-en-isere-le-temps-change-ce-week-end-a-quoi-sattendre","status":"publish","type":"post","link":"https:\/\/www.europesays.com\/fr\/334023\/","title":{"rendered":"M\u00e9t\u00e9o. Apr\u00e8s les violents orages en Is\u00e8re, le temps change ce week-end : \u00e0 quoi s&rsquo;attendre"},"content":{"rendered":"<p>            Par<br \/>\n        <strong><br \/>\n            <a href=\"https:\/\/actu.fr\/auteur\/julien-sournies\" title=\"Consulter tous les articles de Julien Sournies\" rel=\"nofollow noopener\" target=\"_blank\">Julien Sournies<\/a><br \/>\n        <\/strong><\/p>\n<p>        Publi\u00e9 le<\/p>\n<p>            21 ao\u00fbt 2025 \u00e0 14h41        <\/p>\n<p>La fin de semaine s\u2019annonce un peu plus douce \u00e0 <a href=\"https:\/\/actu.fr\/grenoble\/\" rel=\"nofollow noopener\" target=\"_blank\">Grenoble<\/a> et en <a href=\"https:\/\/actu.fr\/auvergne-rhone-alpes\/isere_38\" rel=\"nofollow noopener\" target=\"_blank\">Is\u00e8re<\/a>. Apr\u00e8s la vague de canicule et les orages, lesquels se sont <a href=\"https:\/\/actu.fr\/auvergne-rhone-alpes\/villeneuve-de-marc_38555\/meteo-un-violent-orage-de-grele-frappe-cette-commune-de-l-isere-les-images_63059889.html\" rel=\"nofollow noopener\" target=\"_blank\">transform\u00e9s en gr\u00eale<\/a> sur certains secteurs ce mercredi, le ciel, accompagn\u00e9 de temp\u00e9ratures globalement en phase avec <strong>les normales de saison<\/strong>, va progressivement s\u2019\u00e9claircir dans le d\u00e9partement d\u2019ici \u00e0 la fin du week-end.<\/p>\n<p>Un week-end ensoleill\u00e9<\/p>\n<p class=\" wall-content\">Selon les derni\u00e8res donn\u00e9es fournies par <a href=\"https:\/\/actu.fr\/tag\/meteo-france\" rel=\"nofollow noopener\" target=\"_blank\">M\u00e9t\u00e9o-France<\/a>, l\u2019\u00e9pisode pluvieux <strong>va s\u2019estomper<\/strong> dans la nuit de jeudi\u00a021 \u00e0 vendredi 22\u00a0ao\u00fbt, pour laisser place \u00e0 un ciel partiellement ensoleill\u00e9 sur l\u2019ensemble du territoire is\u00e9rois.<\/p>\n<p class=\" wall-content\">Des rafales de vent avoisinant les<strong> 50\u00a0km\/h<\/strong> sont par ailleurs attendues au cours de la journ\u00e9e de vendredi. C\u00f4t\u00e9 temp\u00e9ratures, le mercure remontera d\u2019un cran, les maximales \u00e9tant comprises entre 20 et 26\u00b0C.<\/p>\n<p class=\" wall-content\">Le lendemain, samedi 23\u00a0ao\u00fbt, les temp\u00e9ratures seront stationnaires, mais le soleil gagnera du terrain dans le ciel is\u00e9rois.<\/p>\n<p class=\" wall-content\">Dimanche 24\u00a0ao\u00fbt, en revanche, le mercure va grimper en fl\u00e8che en Is\u00e8re. Si les minimales seront relativement basses, comprises entre 3 et 12\u00b0C le matin, le thermom\u00e8tre affichera jusqu\u2019\u00e0<strong> 29\u00b0C<\/strong> l\u2019apr\u00e8s-midi sur les secteurs de Grenoble et du Bourg-d\u2019Oisans, le tout sous un ciel ensoleill\u00e9.<\/p>\n<p>Retour de la pluie la semaine prochaine<\/p>\n<p class=\" wall-content\">Seulement, toujours selon M\u00e9t\u00e9o-France, le soleil ne fera pas long feu au-dessus des t\u00eates is\u00e9roises. \u00c0 compter de lundi prochain et durant plusieurs jours, la<strong> pluie<\/strong> va faire son retour en Is\u00e8re.<\/p>\n<p class=\" wall-content\">Malgr\u00e9 tout, les temp\u00e9ratures continueront de progresser, o\u00f9 la barre des 30\u00b0C sera r\u00e9guli\u00e8rement franchie.<\/p>\n<p class=\" wall-content\">Personnalisez votre actualit\u00e9 en ajoutant vos villes et m\u00e9dias en favori avec <a href=\"https:\/\/moncompte.actu.fr\" title=\"D\u00e9couvez Mon Actu\" rel=\"nofollow noopener\" data-trk=\"{&quot;cta&quot;:{&quot;action&quot;:&quot;https:\\\/\\\/moncompte.actu.fr&quot;,&quot;category&quot;:&quot;mon compte&quot;,&quot;from&quot;:&quot;article footer&quot;,&quot;name&quot;:&quot;Mon actu&quot;,&quot;type&quot;:&quot;cta&quot;}}\" target=\"_blank\">Mon Actu<\/a>.<\/p>\n","protected":false},"excerpt":{"rendered":"Par Julien Sournies Publi\u00e9 le 21 ao\u00fbt 2025 \u00e0 14h41 La fin de semaine s\u2019annonce un peu plus&hellip;\n","protected":false},"author":2,"featured_media":334024,"comment_status":"","ping_status":"","sticky":false,"template":"","format":"standard","meta":{"footnotes":""},"categories":[9566],"tags":[1111,11,2430,1777,674,1011,27,2731,2487,2357,12,4594,25],"class_list":{"0":"post-334023","1":"post","2":"type-post","3":"status-publish","4":"format-standard","5":"has-post-thumbnail","7":"category-grenoble","8":"tag-actu","9":"tag-actualites","10":"tag-auvergne-rhone-alpes","11":"tag-eu","12":"tag-europe","13":"tag-fr","14":"tag-france","15":"tag-grenoble","16":"tag-meteo","17":"tag-meteo-france","18":"tag-news","19":"tag-orages","20":"tag-republique-francaise"},"share_on_mastodon":{"url":"https:\/\/pubeurope.com\/@fr\/115067104962627580","error":""},"_links":{"self":[{"href":"https:\/\/www.europesays.com\/fr\/wp-json\/wp\/v2\/posts\/334023","targetHints":{"allow":["GET"]}}],"collection":[{"href":"https:\/\/www.europesays.com\/fr\/wp-json\/wp\/v2\/posts"}],"about":[{"href":"https:\/\/www.europesays.com\/fr\/wp-json\/wp\/v2\/types\/post"}],"author":[{"embeddable":true,"href":"https:\/\/www.europesays.com\/fr\/wp-json\/wp\/v2\/users\/2"}],"replies":[{"embeddable":true,"href":"https:\/\/www.europesays.com\/fr\/wp-json\/wp\/v2\/comments?post=334023"}],"version-history":[{"count":0,"href":"https:\/\/www.europesays.com\/fr\/wp-json\/wp\/v2\/posts\/334023\/revisions"}],"wp:featuredmedia":[{"embeddable":true,"href":"https:\/\/www.europesays.com\/fr\/wp-json\/wp\/v2\/media\/334024"}],"wp:attachment":[{"href":"https:\/\/www.europesays.com\/fr\/wp-json\/wp\/v2\/media?parent=334023"}],"wp:term":[{"taxonomy":"category","embeddable":true,"href":"https:\/\/www.europesays.com\/fr\/wp-json\/wp\/v2\/categories?post=334023"},{"taxonomy":"post_tag","embeddable":true,"href":"https:\/\/www.europesays.com\/fr\/wp-json\/wp\/v2\/tags?post=334023"}],"curies":[{"name":"wp","href":"https:\/\/api.w.org\/{rel}","templated":true}]}}