{"id":334025,"date":"2025-08-21T13:58:15","date_gmt":"2025-08-21T13:58:15","guid":{"rendered":"https:\/\/www.europesays.com\/fr\/334025\/"},"modified":"2025-08-21T13:58:15","modified_gmt":"2025-08-21T13:58:15","slug":"cp-rennes-vezin-que-vous-faut-il-ufap","status":"publish","type":"post","link":"https:\/\/www.europesays.com\/fr\/334025\/","title":{"rendered":"CP RENNES VEZIN : QUE VOUS FAUT-IL ? | UFAP"},"content":{"rendered":"<p><strong>Un meurtre, une agression au couteau pour enfin s\u00e9curiser les quartiers QD\/QI ?<\/strong><\/p>\n<p><strong>La vie d\u2019un surveillant, ne vaut-elle pas un petit effort financier, pour enfin installer ces p\u2026\u2026 de filets anti-projections, r\u00e9clam\u00e9s \u00e0 corps et \u00e0 cris par l\u2019UFAP Unsa Justice du CPH Rennes\/Vezin ?<\/strong><\/p>\n<p><strong>Arr\u00eatez de blablater et prenez enfin les bonnes d\u00e9cisions.<\/strong><\/p>\n<p><strong>DE QUOI PARLE-T\u2019ON ?<\/strong><\/p>\n<p><strong>Des parachutages qui ont eu lieu cette nuit du 20 au 21 ao\u00fbt 2025 sur les toits des quartiers QD\/QI\/UDV\u00a0.<\/strong><\/p>\n<p><strong>Outre les bricoles habituelles, on y retrouve plus inqui\u00e9tant, ce couteau avec une lame d\u2019environ 20 centim\u00e8tres\u2026 Sans doute destin\u00e9s \u00e0 beurrer, les tartines, n\u2019est-ce pas ?<\/strong><\/p>\n<p><strong>Ici, au CPH Rennes\/Vezin on conna\u00eet toute la dangerosit\u00e9 du client du QI ! Il manie la lame avec une dext\u00e9rit\u00e9 et une pr\u00e9cision qui donnent des sueurs froides dans le dos.<\/strong><\/p>\n<p><strong>J\u2019en ai les frissons quand j\u2019\u00e9cris\u2026<\/strong><\/p>\n<p><strong>Nos coll\u00e8gues, mes coll\u00e8gues ne veulent en aucun cas faire la une des journaux\u2026<\/strong><\/p>\n<p><strong>Pourtant votre n\u00e9gligence nous emm\u00e8ne tout droit vers l\u2019ab\u00eeme.<\/strong><\/p>\n<p><strong>Vous attendez quoi pour agir et vite, il y a urgence \u00e0 prot\u00e9ger VOS PERSONNELS.<\/strong><\/p>\n<p><strong>L\u2019UFAP Unsa Justice du CPH Rennes\/Vezin remercie l\u2019\u00e9quipe de Surveillants ainsi que l\u2019encadrement pour leur capacit\u00e9 \u00e0 soustraire rapidement cette vingtaine de colis, destin\u00e9e vu le positionnement aux locataires du QI.<\/strong><\/p>\n<p><strong>Nos coll\u00e8gues ont une nouvelle fois et provisoirement s\u00e9curis\u00e9 les lieux.<\/strong><\/p>\n<p><strong>A vous de remplir enfin votre mission\u2026<\/strong><\/p>\n<p>Rennes, le 21 ao\u00fbt 2025<\/p>\n","protected":false},"excerpt":{"rendered":"Un meurtre, une agression au couteau pour enfin s\u00e9curiser les quartiers QD\/QI ? La vie d\u2019un surveillant, ne&hellip;\n","protected":false},"author":2,"featured_media":121084,"comment_status":"","ping_status":"","sticky":false,"template":"","format":"standard","meta":{"footnotes":""},"categories":[2821],"tags":[1111,11,829,1777,674,1011,27,12,584,25],"class_list":{"0":"post-334025","1":"post","2":"type-post","3":"status-publish","4":"format-standard","5":"has-post-thumbnail","7":"category-rennes","8":"tag-actu","9":"tag-actualites","10":"tag-bretagne","11":"tag-eu","12":"tag-europe","13":"tag-fr","14":"tag-france","15":"tag-news","16":"tag-rennes","17":"tag-republique-francaise"},"share_on_mastodon":{"url":"https:\/\/pubeurope.com\/@fr\/115067112904570293","error":""},"_links":{"self":[{"href":"https:\/\/www.europesays.com\/fr\/wp-json\/wp\/v2\/posts\/334025","targetHints":{"allow":["GET"]}}],"collection":[{"href":"https:\/\/www.europesays.com\/fr\/wp-json\/wp\/v2\/posts"}],"about":[{"href":"https:\/\/www.europesays.com\/fr\/wp-json\/wp\/v2\/types\/post"}],"author":[{"embeddable":true,"href":"https:\/\/www.europesays.com\/fr\/wp-json\/wp\/v2\/users\/2"}],"replies":[{"embeddable":true,"href":"https:\/\/www.europesays.com\/fr\/wp-json\/wp\/v2\/comments?post=334025"}],"version-history":[{"count":0,"href":"https:\/\/www.europesays.com\/fr\/wp-json\/wp\/v2\/posts\/334025\/revisions"}],"wp:featuredmedia":[{"embeddable":true,"href":"https:\/\/www.europesays.com\/fr\/wp-json\/wp\/v2\/media\/121084"}],"wp:attachment":[{"href":"https:\/\/www.europesays.com\/fr\/wp-json\/wp\/v2\/media?parent=334025"}],"wp:term":[{"taxonomy":"category","embeddable":true,"href":"https:\/\/www.europesays.com\/fr\/wp-json\/wp\/v2\/categories?post=334025"},{"taxonomy":"post_tag","embeddable":true,"href":"https:\/\/www.europesays.com\/fr\/wp-json\/wp\/v2\/tags?post=334025"}],"curies":[{"name":"wp","href":"https:\/\/api.w.org\/{rel}","templated":true}]}}