{"id":334026,"date":"2025-08-21T13:59:08","date_gmt":"2025-08-21T13:59:08","guid":{"rendered":"https:\/\/www.europesays.com\/fr\/334026\/"},"modified":"2025-08-21T13:59:08","modified_gmt":"2025-08-21T13:59:08","slug":"pris-dassaut-pour-son-stationnement-gratuit-ce-quartier-de-strasbourg-etouffe-cest-lhorreur","status":"publish","type":"post","link":"https:\/\/www.europesays.com\/fr\/334026\/","title":{"rendered":"Pris d\u2019assaut pour son stationnement gratuit, ce quartier de Strasbourg \u00e9touffe : \u00ab\u00a0C&rsquo;est l&rsquo;horreur\u00a0\u00bb"},"content":{"rendered":"<p>            Par<br \/>\n        <strong><br \/>\n            <a href=\"https:\/\/actu.fr\/auteur\/olivia-kouassi\" title=\"Consulter tous les articles de Olivia Kouassi\" target=\"_blank\" rel=\"noopener\">Olivia Kouassi<\/a><br \/>\n        <\/strong><\/p>\n<p>        Publi\u00e9 le<\/p>\n<p>            21 ao\u00fbt 2025 \u00e0 15h48        <\/p>\n<p>\u00ab\u2009On ne peut plus se garer ni marcher sur les trottoirs, c\u2019est l\u2019horreur \u00bb, regrette Lina, habitante de la cit\u00e9-jardin Ungemach depuis six ans. <strong>Cet unique lotissement de 140 pavillons individuels \u00e0 loyer mod\u00e9r\u00e9,<\/strong> engonc\u00e9 entre <a href=\"https:\/\/actu.fr\/grand-est\/strasbourg_67482\/le-nouveau-quartier-archipel-strasbourg-prend-forme-la-tour-k-west_26855155.html\" target=\"_blank\" rel=\"noopener\">l\u2019immense projet immobilier Archipel<\/a> et les<strong> institutions europ\u00e9ennes<\/strong> dans le quartier du <strong>Wacken<\/strong> \u00e0 <a href=\"https:\/\/actu.fr\/strasbourg\/\" target=\"_blank\" rel=\"noopener\">Strasbourg<\/a>, voit ses rues envahies de voitures. Une situation qui agace les r\u00e9sidents.<\/p>\n<p>Employ\u00e9s de bureaux, sessions parlementaires et supporters de la SIG<\/p>\n<p class=\" wall-content\">\u00ab\u2009Quand il y a des <strong>sessions parlementaires, c\u2019est la gal\u00e8re pour se garer<\/strong> en rentrant chez soi\u2009\u00bb, t\u00e9moigne Nabira. Elle habite avec son conjoint et leurs quatre enfants depuis huit ans dans un pavillon situ\u00e9 au pied du Parlement europ\u00e9en.<\/p>\n<p class=\" wall-content\">La probl\u00e9matique du stationnement s\u2019\u00e9tend \u00e0 toute la cit\u00e9-jardin. Ces derni\u00e8res ann\u00e9es, avec <strong>l\u2019installation de nouvelles entreprises dans le quartier du Wacken<\/strong>, les habitants voient de plus en plus <strong>d\u2019employ\u00e9s de bureau se garer\u00a0dans les ruelles calmes de la cit\u00e9.<\/strong> \u00ab<strong>\u2009On met nos poubelles pour pouvoir continuer \u00e0 se garer<\/strong>, car les pavillons ne disposent pas de garages \u00bb, d\u00e9taille V\u00e9ronique, qui r\u00e9side dans le quartier depuis 1995. Certains de ses voisins ont opt\u00e9 pour <strong>des plots pour d\u00e9limiter leurs espaces.<\/strong><\/p>\n<p class=\" wall-content\">Dans le quartier, le stationnement <strong>reste pour l\u2019instant gratuit<\/strong> <a href=\"https:\/\/actu.fr\/grand-est\/strasbourg_67482\/stationnement-a-strasbourg-d-autres-secteurs-que-le-neudorf-vont-passer-au-payant-en-2024-voici-lesquels_61159555.html\" target=\"_blank\" rel=\"noopener\">\u00e0 l\u2019inverse des quelques places <\/a>\u00a0situ\u00e9es le long du boulevard de Dresde.<\/p>\n<p>Limiter l\u2019acc\u00e8s \u00e0 la cit\u00e9-jardin<\/p>\n<p class=\" wall-content\">Pour r\u00e9guler le ph\u00e9nom\u00e8ne, la municipalit\u00e9 a<strong> dispos\u00e9 de petites barri\u00e8res en bois pour prot\u00e9ger le gazon de la place des Acacias<\/strong>, situ\u00e9e au c\u0153ur de la cit\u00e9-jardin. \u00ab\u2009Les gens se garent n\u2019importe o\u00f9, m\u00eame dans l\u2019herbe\u2009!\u2009\u00bb, s\u2019exasp\u00e8re V\u00e9ronique. Cette derni\u00e8re se souvient<strong> d\u2019une \u00e9poque o\u00f9 les r\u00e9sidents disposaient d\u2019un badge pour rentrer<\/strong> au sein de la cit\u00e9-jardin alors d\u00e9limit\u00e9e par une barri\u00e8re.<\/p>\n<p class=\" wall-content\">\u00ab\u2009C\u2019\u00e9tait avant que la <a href=\"https:\/\/actu.fr\/grand-est\/strasbourg_67482\/foire-europeenne-de-strasbourg-nouveautes-theme-programme-on-vous-devoile-l-edition-2025_62733360.html\" target=\"_blank\" rel=\"noopener\">foire europ\u00e9enne<\/a> et <a href=\"https:\/\/actu.fr\/grand-est\/strasbourg_67482\/strasbourg-maintient-le-retour-de-la-foire-saint-jean-en-2027-les-forains-ne-comptent-pas-en-rester-la_62339497.html\" target=\"_blank\" rel=\"noopener\">la foire Saint-Jean<\/a> ne d\u00e9m\u00e9nagent\u2009\u00bb, croit se souvenir Caroline, habitante du quartier depuis sa naissance. Si ces grands rassemblements n\u2019ont plus lieu dans le Wacken depuis quelques ann\u00e9es,<strong> les r\u00e9sidents se disent \u00ab\u2009envahis\u2009\u00bb r\u00e9guli\u00e8rement par les supporters du club de basket de la SIG,<\/strong> qui joue r\u00e9guli\u00e8rement au <a href=\"https:\/\/actu.fr\/grand-est\/strasbourg_67482\/images-a-strasbourg-un-enorme-parc-va-etre-cree-dans-ce-quartier-en-construction_62883475.html\" target=\"_blank\" rel=\"noopener\">Rh\u00e9nus<\/a> situ\u00e9 \u00e0 quelques encablures.<\/p>\n<p>Votre r\u00e9gion, votre actu !<\/p>\n<p>Recevez chaque jour les infos qui comptent pour vous.<\/p>\n<p>\t<a href=\"https:\/\/actu.fr\/newsletter\" class=\"ac-btn ac-btn--corner ac-btn--medium ac-btn--blue800\" target=\"_blank\" rel=\"noopener\">S&rsquo;incrire<\/a><\/p>\n<p class=\" wall-content\">Contact\u00e9e, la municipalit\u00e9 de Strasbourg n\u2019a pas r\u00e9pondu \u00e0 nos sollicitations dans le d\u00e9lai imparti.<\/p>\n<p class=\" wall-content\">Personnalisez votre actualit\u00e9 en ajoutant vos villes et m\u00e9dias en favori avec <a href=\"https:\/\/moncompte.actu.fr\" title=\"D\u00e9couvez Mon Actu\" rel=\"nofollow noopener\" data-trk=\"{&quot;cta&quot;:{&quot;action&quot;:&quot;https:\\\/\\\/moncompte.actu.fr&quot;,&quot;category&quot;:&quot;mon compte&quot;,&quot;from&quot;:&quot;article footer&quot;,&quot;name&quot;:&quot;Mon actu&quot;,&quot;type&quot;:&quot;cta&quot;}}\" target=\"_blank\">Mon Actu<\/a>.<\/p>\n","protected":false},"excerpt":{"rendered":"Par Olivia Kouassi Publi\u00e9 le 21 ao\u00fbt 2025 \u00e0 15h48 \u00ab\u2009On ne peut plus se garer ni marcher&hellip;\n","protected":false},"author":2,"featured_media":334027,"comment_status":"","ping_status":"","sticky":false,"template":"","format":"standard","meta":{"footnotes":""},"categories":[2820],"tags":[1111,11,1777,674,1011,27,775,12,25,104,6173,640],"class_list":{"0":"post-334026","1":"post","2":"type-post","3":"status-publish","4":"format-standard","5":"has-post-thumbnail","7":"category-strasbourg","8":"tag-actu","9":"tag-actualites","10":"tag-eu","11":"tag-europe","12":"tag-fr","13":"tag-france","14":"tag-grand-est","15":"tag-news","16":"tag-republique-francaise","17":"tag-societe","18":"tag-stationnement","19":"tag-strasbourg"},"share_on_mastodon":{"url":"https:\/\/pubeurope.com\/@fr\/115067116817550559","error":""},"_links":{"self":[{"href":"https:\/\/www.europesays.com\/fr\/wp-json\/wp\/v2\/posts\/334026","targetHints":{"allow":["GET"]}}],"collection":[{"href":"https:\/\/www.europesays.com\/fr\/wp-json\/wp\/v2\/posts"}],"about":[{"href":"https:\/\/www.europesays.com\/fr\/wp-json\/wp\/v2\/types\/post"}],"author":[{"embeddable":true,"href":"https:\/\/www.europesays.com\/fr\/wp-json\/wp\/v2\/users\/2"}],"replies":[{"embeddable":true,"href":"https:\/\/www.europesays.com\/fr\/wp-json\/wp\/v2\/comments?post=334026"}],"version-history":[{"count":0,"href":"https:\/\/www.europesays.com\/fr\/wp-json\/wp\/v2\/posts\/334026\/revisions"}],"wp:featuredmedia":[{"embeddable":true,"href":"https:\/\/www.europesays.com\/fr\/wp-json\/wp\/v2\/media\/334027"}],"wp:attachment":[{"href":"https:\/\/www.europesays.com\/fr\/wp-json\/wp\/v2\/media?parent=334026"}],"wp:term":[{"taxonomy":"category","embeddable":true,"href":"https:\/\/www.europesays.com\/fr\/wp-json\/wp\/v2\/categories?post=334026"},{"taxonomy":"post_tag","embeddable":true,"href":"https:\/\/www.europesays.com\/fr\/wp-json\/wp\/v2\/tags?post=334026"}],"curies":[{"name":"wp","href":"https:\/\/api.w.org\/{rel}","templated":true}]}}