{"id":334051,"date":"2025-08-21T14:13:16","date_gmt":"2025-08-21T14:13:16","guid":{"rendered":"https:\/\/www.europesays.com\/fr\/334051\/"},"modified":"2025-08-21T14:13:16","modified_gmt":"2025-08-21T14:13:16","slug":"marseille-veut-marc-casado-pour-remplacer-adrien-rabiot","status":"publish","type":"post","link":"https:\/\/www.europesays.com\/fr\/334051\/","title":{"rendered":"Marseille veut Marc Casad\u00f3 pour remplacer Adrien Rabiot"},"content":{"rendered":"<p style=\"text-align: justify;\"><strong>TRANSFERTS OM \u2013 Selon <a href=\"https:\/\/www.sport.es\/es\/noticias\/barca\/olympique-marsella-entra-liza-casado-120808935\" target=\"_blank\" rel=\"noopener\">Sport<\/a>, l\u2019Olympique de Marseille aimerait signer Marc Casad\u00f3 pour remplacer Adrien Rabiot.<br \/><\/strong><\/p>\n<p style=\"text-align: justify;\">Les derniers jours du mercato olympien s\u2019annoncent tr\u00e8s anim\u00e9s. Alors que l\u2019Olympique de Marseille \u00e9tait d\u00e9j\u00e0 en qu\u00eate d\u2019un milieu de terrain et poussait pour r\u00e9cup\u00e9rer <strong>Isma\u00ebl<\/strong> <strong>Bennacer<\/strong>, <strong>Adrien<\/strong> <strong>Rabiot<\/strong> va aussi plier bagages. Les dirigeants phoc\u00e9ens aimeraient donc recruter deux joueurs au milieu de terrain dans les jours \u00e0 venir.<\/p>\n<p><a href=\"https:\/\/dicodusport.fr\/blog\/transferts-om-marseille-veut-signer-kostas-tsimikas\/\" class=\"vlp-link\" title=\"Transferts OM : Marseille veut signer K\u00f3stas Tsim\u00edkas\" target=\"_blank\" rel=\"noopener\"><img loading=\"lazy\" decoding=\"async\" style=\"max-width: 792px;\" width=\"792\" height=\"445\" class=\"attachment-800x445 size-800x445 perfmatters-lazy\" alt=\"\" src=\"https:\/\/www.europesays.com\/fr\/wp-content\/uploads\/2025\/08\/Transferts-OM-Marseille-veut-signer-Kostas-Tsimikas.png\"  data-\/><\/p>\n<p>Transferts OM : Marseille veut signer K\u00f3stas Tsim\u00edkas<\/p>\n<p>TRANSFERTS OM &#8211; Selon Foot Mercato, l&rsquo;Olympique de Marseille tente de signer K\u00f3stas Tsim\u00edkas, d\u00e9fenseur gauche de Liverpool.<\/p>\n<p>Lire l&rsquo;article<\/p>\n<p>dicodusport.fr<\/p>\n<p>Marc Casad\u00f3 \u00e0 l\u2019OM ?<\/p>\n<p style=\"text-align: justify;\">Pas simple de trouver un joueur de la trempe d\u2019Adrien Rabiot en si peu de temps mais <strong>Medhi<\/strong> <strong>Benatia<\/strong> a d\u00e9j\u00e0 une id\u00e9e derri\u00e8re la t\u00eate. Le directeur sportif de l\u2019<strong>Olympique de Marseille<\/strong> aimerait recruter <strong>Marc<\/strong> <strong>Casad\u00f3<\/strong>. L\u2019Espagnol est annonc\u00e9 comme tr\u00e8s prometteur, mais est barr\u00e9 par une tr\u00e8s forte concurrence du c\u00f4t\u00e9 du FC Barcelone.<\/p>\n<p style=\"text-align: justify;\">Deux obstacles majeurs \u00e0 son recrutement, \u00e0 commencer par le prix, puisque le joueur de 21 ans est \u00e9valu\u00e9 \u00e0 pas moins de 30 millions d\u2019euros, alors qu\u2019<strong>Adrien Rabiot<\/strong> sera vendu pour au mieux 15 millions d\u2019euros. La concurrence sera rude aussi pour recruter <strong>Marc<\/strong> <strong>Casad\u00f3<\/strong>, <strong>Wolverhampton<\/strong> et <strong>West<\/strong> <strong>Ham<\/strong> en <strong>Angleterre<\/strong> et aussi le <strong>Betis<\/strong> en Espagne sont sur le coup.<\/p>\n<p>\u00c0 ce sujet<br \/>\n<a href=\"https:\/\/dicodusport.fr\/blog\/mercato-om-2025-2026-le-tableau-complet-des-transferts-arrivees-et-departs\/\" class=\"vlp-link\" title=\"Mercato OM 2025-2026 : Le tableau complet des transferts, arriv\u00e9es et d\u00e9parts\" target=\"_blank\" rel=\"noopener\"><img loading=\"lazy\" decoding=\"async\" style=\"max-width: 792px;\" width=\"792\" height=\"445\" class=\"attachment-800x445 size-800x445 perfmatters-lazy\" alt=\"Mercato OM 2025-2026 Le tableau complet des transferts, arriv\u00e9es et d\u00e9parts\" src=\"https:\/\/www.europesays.com\/fr\/wp-content\/uploads\/2025\/08\/Mercato-OM-2025-2026-Le-tableau-complet-des-transferts-arrivees-et-departs.png\"  data-\/><\/p>\n<p>Mercato OM 2025-2026 : Le tableau complet des transferts, arriv\u00e9es et d\u00e9parts<\/p>\n<p>TRANSFERTS OM &#8211; Retrouvez tous les mouvements de l&rsquo;Olympique de Marseille pour l&rsquo;intersaison 2025 en Ligue 1. Arriv\u00e9es, d\u00e9part, pr\u00eats, transferts d\u00e9finitifs, ne ratez rien du mercato estival.\u00a0<\/p>\n<p>Lire l&rsquo;article<\/p>\n<p>dicodusport.fr<\/p>\n","protected":false},"excerpt":{"rendered":"TRANSFERTS OM \u2013 Selon Sport, l\u2019Olympique de Marseille aimerait signer Marc Casad\u00f3 pour remplacer Adrien Rabiot. Les derniers&hellip;\n","protected":false},"author":2,"featured_media":334052,"comment_status":"","ping_status":"","sticky":false,"template":"","format":"standard","meta":{"footnotes":""},"categories":[2814],"tags":[1111,11,2113,1777,674,1011,27,66,884,47134,12,882,25],"class_list":{"0":"post-334051","1":"post","2":"type-post","3":"status-publish","4":"format-standard","5":"has-post-thumbnail","7":"category-marseille","8":"tag-actu","9":"tag-actualites","10":"tag-breve","11":"tag-eu","12":"tag-europe","13":"tag-fr","14":"tag-france","15":"tag-ligue-1","16":"tag-marseille","17":"tag-mercato-om","18":"tag-news","19":"tag-provence-alpes-cote-dazur","20":"tag-republique-francaise"},"share_on_mastodon":{"url":"https:\/\/pubeurope.com\/@fr\/115067172281458950","error":""},"_links":{"self":[{"href":"https:\/\/www.europesays.com\/fr\/wp-json\/wp\/v2\/posts\/334051","targetHints":{"allow":["GET"]}}],"collection":[{"href":"https:\/\/www.europesays.com\/fr\/wp-json\/wp\/v2\/posts"}],"about":[{"href":"https:\/\/www.europesays.com\/fr\/wp-json\/wp\/v2\/types\/post"}],"author":[{"embeddable":true,"href":"https:\/\/www.europesays.com\/fr\/wp-json\/wp\/v2\/users\/2"}],"replies":[{"embeddable":true,"href":"https:\/\/www.europesays.com\/fr\/wp-json\/wp\/v2\/comments?post=334051"}],"version-history":[{"count":0,"href":"https:\/\/www.europesays.com\/fr\/wp-json\/wp\/v2\/posts\/334051\/revisions"}],"wp:featuredmedia":[{"embeddable":true,"href":"https:\/\/www.europesays.com\/fr\/wp-json\/wp\/v2\/media\/334052"}],"wp:attachment":[{"href":"https:\/\/www.europesays.com\/fr\/wp-json\/wp\/v2\/media?parent=334051"}],"wp:term":[{"taxonomy":"category","embeddable":true,"href":"https:\/\/www.europesays.com\/fr\/wp-json\/wp\/v2\/categories?post=334051"},{"taxonomy":"post_tag","embeddable":true,"href":"https:\/\/www.europesays.com\/fr\/wp-json\/wp\/v2\/tags?post=334051"}],"curies":[{"name":"wp","href":"https:\/\/api.w.org\/{rel}","templated":true}]}}