{"id":334057,"date":"2025-08-21T14:17:13","date_gmt":"2025-08-21T14:17:13","guid":{"rendered":"https:\/\/www.europesays.com\/fr\/334057\/"},"modified":"2025-08-21T14:17:13","modified_gmt":"2025-08-21T14:17:13","slug":"dans-les-coulisses-de-france-miniature-avec-les-maquettistes-qui-bichonnent-les-monuments-et-les-trains","status":"publish","type":"post","link":"https:\/\/www.europesays.com\/fr\/334057\/","title":{"rendered":"Dans les coulisses de France Miniature, avec les maquettistes qui bichonnent les monuments et les trains"},"content":{"rendered":"<p>            Par<br \/>\n        <strong><br \/>\n            <a href=\"https:\/\/actu.fr\/auteur\/a-marque\" title=\"Consulter tous les articles de Alexandre Marque\" rel=\"nofollow noopener\" target=\"_blank\">Alexandre Marque<\/a><br \/>\n        <\/strong><\/p>\n<p>        Publi\u00e9 le<\/p>\n<p>            21 ao\u00fbt 2025 \u00e0 12h16        <\/p>\n<p>C\u2019est un grand hangar situ\u00e9 \u00e0 quelques pas de l\u2019entr\u00e9e du parc. C\u2019est dans cet atelier que les maquettistes de France Miniature \u00e0 <a href=\"https:\/\/actu.fr\/ile-de-france\/elancourt_78208\" rel=\"nofollow noopener\" target=\"_blank\">\u00c9lancourt<\/a> (Yvelines) entretiennent et restaurent <b>les 117 r\u00e9pliques exactes<\/b> des plus beaux monuments de France r\u00e9alis\u00e9es \u00e0 l\u2019\u00e9chelle 1\/30e.<\/p>\n<p class=\" wall-content\">\u00ab\u2009La plus petite maquette doit faire 1\u00a0m2 de c\u00f4t\u00e9, d\u00e9taille Nicolas Salerno, responsable du service des maquettes au parc. Le <a href=\"https:\/\/actu.fr\/tag\/chateau-de-versailles\" rel=\"nofollow noopener\" target=\"_blank\">ch\u00e2teau de Versailles<\/a>, c\u2019est <b>150\u00a0m2<\/b>. Quand on l\u2019am\u00e8ne dans l\u2019atelier, on ne peut plus bouger.\u2009\u00bb<\/p>\n<p>Des maquettes en ext\u00e9rieur sensibles \u00e0 la m\u00e9t\u00e9o<\/p>\n<p class=\" wall-content\">Chaque matin, c\u2019est le m\u00eame rituel pour Nicolas. Le maquettiste part faire son tour dans le parc pour \u00ab\u2009v\u00e9rifier qu\u2019il n\u2019y a pas eu de casse\u2009\u00bb parmi ces monuments install\u00e9s en ext\u00e9rieur <b>depuis pr\u00e8s de 35\u00a0ans<\/b> et particuli\u00e8rement sensibles \u00e0 <b>la pluie<\/b>, au vent, \u00e0 la chaleur ou bien \u00e0 la pr\u00e9sence d\u2019animaux. Il s\u2019agit parfois de \u00ab\u2009recoller une fen\u00eatre ou une chemin\u00e9e\u2009\u00bb.<\/p>\n<p class=\" wall-content\">Parfois, ce sont aussi les visiteurs du <a href=\"https:\/\/www.franceminiature.fr\/fr\" rel=\"nofollow noopener\" target=\"_blank\">parc <\/a>qui lui am\u00e8nent du travail\u2026<\/p>\n<blockquote class=\"ac-article-quote wall-content\">\n<p>\u00ab\u2009Les gens ne se rendent pas compte comment ces maquettes sont fabriqu\u00e9es. Une fois, une touriste s\u2019est assise dans le Sacr\u00e9-C\u0153ur pour prendre une photo. Tout s\u2019est effondr\u00e9\u2009!\u2009\u00bb<\/p>\n<p>Nicolas Salerno, responsable du service des maquettes au parc France miniature \u00e0 \u00c9lancourt<\/p><\/blockquote>\n<p>En hiver, quatre \u00e0 cinq maquettes sont refaites<\/p>\n<p class=\" wall-content\">Une fois les r\u00e9parations du jour achev\u00e9es, les maquettistes peuvent s\u2019atteler \u00e0 <b>la restauration des monuments<\/b>. \u00ab\u2009En hiver, d\u00e8s que le parc est en sommeil mi-d\u00e9cembre, on refait quatre-cinq maquettes de fond en comble\u2009\u00bb, souligne le responsable de l\u2019atelier, qui a d\u00e9couvert l\u2019univers des maquettes \u00e0 l\u2019\u00e2ge de 6\u00a0ans. \u00ab\u2009Cela demande tellement de concentration. Il faut \u00eatre un minimum passionn\u00e9 par le sujet\u2009\u00bb, ajoute-t-il.<\/p>\n<p>Votre r\u00e9gion, votre actu !<\/p>\n<p>Recevez chaque jour les infos qui comptent pour vous.<\/p>\n<p>\t<a href=\"https:\/\/actu.fr\/newsletter\" class=\"ac-btn ac-btn--corner ac-btn--medium ac-btn--blue800\" rel=\"nofollow noopener\" target=\"_blank\">S&rsquo;incrire<\/a><br \/>\n\u00ab\u2009Un travail de longue haleine\u2009\u00bb<\/p>\n<p class=\" wall-content\">Certains monuments n\u00e9cessitent une attention r\u00e9guli\u00e8re comme le <b>monast\u00e8re de la Grande Chartreuse<\/b>. \u00ab\u2009La patine se d\u00e9grade tout le temps.\u2009\u00bb<\/p>\n<p class=\" wall-content\">Depuis cet hiver, Nicolas s\u2019est attaqu\u00e9 \u00e0 la maquette<b> des hospices de Beaune<\/b>. \u00ab\u2009Un travail de longue haleine, reconna\u00eet-il. Elle \u00e9tait vraiment arriv\u00e9e au bout. Cela partait en poussi\u00e8res.\u2009\u00bb<\/p>\n<p class=\" wall-content\">Une fois termin\u00e9, le monument sera \u00ab\u2009reparti pour<b> 20 \u00e0 30\u00a0ans<\/b>\u2009\u00bb.<\/p>\n<p>    <img   decoding=\"async\" loading=\"lazy\" class=\"size-large\" src=\"https:\/\/www.europesays.com\/fr\/wp-content\/uploads\/2025\/08\/d0c46824bc886d4c46824bc88b6c46v-960x640.jpg\" alt=\"trains\" width=\"960\" height=\"640\"\/><br \/>\n    David Danquigny con\u00e7oit de nouveaux trains en 3D qui circuleront ensuite \u00e0 France Miniature \u00e0 \u00c9lancourt (Yvelines). \u00a9Alexandre MARQU\u00c9Seize trains miniatures \u00e0 surveiller<\/p>\n<p class=\" wall-content\">Au fond de l\u2019atelier, on trouve David Danquigny, \u00ab\u2009le chef des trains\u2009\u00bb. Cet employ\u00e9, passionn\u00e9 d\u2019a\u00e9romod\u00e9lisme depuis toujours, surveille et r\u00e9pare les <b>seize trains miniatures<\/b>, eux aussi \u00e0 l\u2019\u00e9chelle 1\/30e, qui circulent toute la journ\u00e9e sur les 3,5\u00a0km de voies ferr\u00e9es que compte le parc. Pour le plus grand bonheur des petits et des grands.<\/p>\n<blockquote class=\"ac-article-quote wall-content\">\n<p>\u00ab\u2009Dans l\u2019ensemble, cela tourne tr\u00e8s bien. Quand il y a du vent, des pommes de pin tombent sur les voies ferr\u00e9es et les trains d\u00e9raillent.\u2009\u00bb<\/p>\n<p>David Danquigny, \u00ab\u2009le chef des trains\u2009\u00bb, \u00e0 France miniature<\/p><\/blockquote>\n<p class=\" wall-content\">David est aussi charg\u00e9 de concevoir <b>de A \u00e0 Z <\/b>de nouveaux trains, compl\u00e8tement diff\u00e9rents de ce qui se pratiquait \u00e0 l\u2019origine du parc il y a 35\u00a0ans.<\/p>\n<p class=\" wall-content\">\u00ab\u2009Jusque-l\u00e0, on utilisait des anciens trains en laiton. Mais le laiton, cela s\u2019ab\u00eeme assez rapidement, explique l\u2019int\u00e9ress\u00e9. Aujourd\u2019hui, les voitures des trains sont <b>imprim\u00e9es en 3D<\/b>. C\u2019est plus facilement r\u00e9parable. Cela permet aussi de rajouter beaucoup de d\u00e9tails par rapport au laiton.\u2009\u00bb<\/p>\n<p class=\" wall-content\">Personnalisez votre actualit\u00e9 en ajoutant vos villes et m\u00e9dias en favori avec <a href=\"https:\/\/moncompte.actu.fr\" title=\"D\u00e9couvez Mon Actu\" rel=\"nofollow noopener\" data-trk=\"{&quot;cta&quot;:{&quot;action&quot;:&quot;https:\\\/\\\/moncompte.actu.fr&quot;,&quot;category&quot;:&quot;mon compte&quot;,&quot;from&quot;:&quot;article footer&quot;,&quot;name&quot;:&quot;Mon actu&quot;,&quot;type&quot;:&quot;cta&quot;}}\" target=\"_blank\">Mon Actu<\/a>.<\/p>\n","protected":false},"excerpt":{"rendered":"Par Alexandre Marque Publi\u00e9 le 21 ao\u00fbt 2025 \u00e0 12h16 C\u2019est un grand hangar situ\u00e9 \u00e0 quelques pas&hellip;\n","protected":false},"author":2,"featured_media":334058,"comment_status":"","ping_status":"","sticky":false,"template":"","format":"standard","meta":{"footnotes":""},"categories":[1592],"tags":[1111,11,1777,674,1011,27,47135,662,1652,12,626,25],"class_list":{"0":"post-334057","1":"post","2":"type-post","3":"status-publish","4":"format-standard","5":"has-post-thumbnail","7":"category-ile-de-france","8":"tag-actu","9":"tag-actualites","10":"tag-eu","11":"tag-europe","12":"tag-fr","13":"tag-france","14":"tag-france-miniature","15":"tag-ile-de-france","16":"tag-loisirs-culture","17":"tag-news","18":"tag-paris","19":"tag-republique-francaise"},"share_on_mastodon":{"url":"https:\/\/pubeurope.com\/@fr\/115067187747054329","error":""},"_links":{"self":[{"href":"https:\/\/www.europesays.com\/fr\/wp-json\/wp\/v2\/posts\/334057","targetHints":{"allow":["GET"]}}],"collection":[{"href":"https:\/\/www.europesays.com\/fr\/wp-json\/wp\/v2\/posts"}],"about":[{"href":"https:\/\/www.europesays.com\/fr\/wp-json\/wp\/v2\/types\/post"}],"author":[{"embeddable":true,"href":"https:\/\/www.europesays.com\/fr\/wp-json\/wp\/v2\/users\/2"}],"replies":[{"embeddable":true,"href":"https:\/\/www.europesays.com\/fr\/wp-json\/wp\/v2\/comments?post=334057"}],"version-history":[{"count":0,"href":"https:\/\/www.europesays.com\/fr\/wp-json\/wp\/v2\/posts\/334057\/revisions"}],"wp:featuredmedia":[{"embeddable":true,"href":"https:\/\/www.europesays.com\/fr\/wp-json\/wp\/v2\/media\/334058"}],"wp:attachment":[{"href":"https:\/\/www.europesays.com\/fr\/wp-json\/wp\/v2\/media?parent=334057"}],"wp:term":[{"taxonomy":"category","embeddable":true,"href":"https:\/\/www.europesays.com\/fr\/wp-json\/wp\/v2\/categories?post=334057"},{"taxonomy":"post_tag","embeddable":true,"href":"https:\/\/www.europesays.com\/fr\/wp-json\/wp\/v2\/tags?post=334057"}],"curies":[{"name":"wp","href":"https:\/\/api.w.org\/{rel}","templated":true}]}}